{"id":138654,"date":"2019-04-22T16:44:27","date_gmt":"2019-04-22T19:44:27","guid":{"rendered":"https:\/\/diarioregionaldigital.com.br\/?p=138654"},"modified":"2019-04-22T16:44:27","modified_gmt":"2019-04-22T19:44:27","slug":"acordo-para-votar-previdencia-na-ccj-nao-tera-impacto-fiscal","status":"publish","type":"post","link":"https:\/\/diarioregionaldigital.com.br\/?p=138654","title":{"rendered":"Acordo para votar Previd\u00eancia na CCJ n\u00e3o ter\u00e1 impacto fiscal"},"content":{"rendered":"<p>O acordo para votar a proposta de reforma da Previd\u00eancia na Comiss\u00e3o de Constitui\u00e7\u00e3o e Justi\u00e7a da C\u00e2mara dos Deputados nesta ter\u00e7a-feira, 23, n\u00e3o ter\u00e1 modifica\u00e7\u00f5es com impacto fiscal nem ter\u00e1 altera\u00e7\u00f5es na \u201cespinha dorsal do projeto\u201d. A afirma\u00e7\u00e3o \u00e9 do secret\u00e1rio especial de Previd\u00eancia e Trabalho do Minist\u00e9rio da Economia, Rog\u00e9rio Marinho.<\/p>\n<p>\u201c\u00c9 poss\u00edvel [fazer] algumas modifica\u00e7\u00f5es. Mas n\u00e3o haver\u00e1 impacto fiscal, nem se mexer\u00e1 na espinha dorsal do projeto no que tange \u00e0 quest\u00e3o previdenci\u00e1ria\u201d, disse Marinho, ao deixar o Minist\u00e9rio da Economia, em Bras\u00edlia.<\/p>\n<p>Originalmente, a vota\u00e7\u00e3o da reforma na CCJ da C\u00e2mara, que avalia se a proposta n\u00e3o viola a Constitui\u00e7\u00e3o, estava prevista a \u00faltima quarta-feira (17). No entanto, a vota\u00e7\u00e3o foi adiada para a pr\u00f3xima ter\u00e7a-feira, 23.<\/p>\n<p>\u201cAmanh\u00e3 haver\u00e1 a vota\u00e7\u00e3o. \u00c9 a informa\u00e7\u00e3o que eu tenho dos l\u00edderes, Inclusive do pr\u00f3prio presidente da Comiss\u00e3o de Constitui\u00e7\u00e3o e Justi\u00e7a,\u00a0Felipe Francischini (PSL-PR), do presidente Rodrigo Maia e daqueles que fazem parte da comiss\u00e3o. A maior parte dos partidos que est\u00e3o alinhados com a pauta est\u00e3o convencidos da necessidade de ultrapassarmos essa etapa. At\u00e9 porque ao m\u00e9rito iremos discutir oportunamente na Comiss\u00e3o Especial\u201d, disse Marinho.<\/p>\n<p>No \u00faltimo dia 17, o l\u00edder do PP na C\u00e2mara, deputado Arthur Lira (AL) disse que o governo aceitou as retiradas de pontos da reforma na CCJ, como o fim do pagamento da multa de 40% do Fundo de Garantia do Tempo de Servi\u00e7o (FGTS) e do recolhimento do fundo do trabalhador j\u00e1 aposentado que voltar ao mercado de trabalho.<\/p>\n<p>&nbsp;<\/p>\n<p>Fonte: Ag\u00eancia Brasil<\/p>\n","protected":false},"excerpt":{"rendered":"<p>O acordo para votar a proposta de reforma da Previd\u00eancia na Comiss\u00e3o de Constitui\u00e7\u00e3o e Justi\u00e7a da C\u00e2mara dos Deputados nesta ter\u00e7a-feira, 23, n\u00e3o ter\u00e1 modifica\u00e7\u00f5es com impacto fiscal nem ter\u00e1 altera\u00e7\u00f5es na \u201cespinha dorsal do projeto\u201d. A afirma\u00e7\u00e3o \u00e9 do secret\u00e1rio especial de Previd\u00eancia e Trabalho do Minist\u00e9rio da Economia, Rog\u00e9rio Marinho. \u201c\u00c9 poss\u00edvel [&hellip;]<\/p>\n","protected":false},"author":96,"featured_media":105072,"comment_status":"closed","ping_status":"closed","sticky":false,"template":"","format":"standard","meta":{"footnotes":""},"categories":[302,436,261,262,439],"tags":[],"class_list":["post-138654","post","type-post","status-publish","format-standard","has-post-thumbnail","hentry","category-brasil-mundo","category-destaque-da-semana","category-economia","category-noticias","category-ultima-hora"],"_links":{"self":[{"href":"https:\/\/diarioregionaldigital.com.br\/index.php?rest_route=\/wp\/v2\/posts\/138654","targetHints":{"allow":["GET"]}}],"collection":[{"href":"https:\/\/diarioregionaldigital.com.br\/index.php?rest_route=\/wp\/v2\/posts"}],"about":[{"href":"https:\/\/diarioregionaldigital.com.br\/index.php?rest_route=\/wp\/v2\/types\/post"}],"author":[{"embeddable":true,"href":"https:\/\/diarioregionaldigital.com.br\/index.php?rest_route=\/wp\/v2\/users\/96"}],"replies":[{"embeddable":true,"href":"https:\/\/diarioregionaldigital.com.br\/index.php?rest_route=%2Fwp%2Fv2%2Fcomments&post=138654"}],"version-history":[{"count":0,"href":"https:\/\/diarioregionaldigital.com.br\/index.php?rest_route=\/wp\/v2\/posts\/138654\/revisions"}],"wp:featuredmedia":[{"embeddable":true,"href":"https:\/\/diarioregionaldigital.com.br\/index.php?rest_route=\/wp\/v2\/media\/105072"}],"wp:attachment":[{"href":"https:\/\/diarioregionaldigital.com.br\/index.php?rest_route=%2Fwp%2Fv2%2Fmedia&parent=138654"}],"wp:term":[{"taxonomy":"category","embeddable":true,"href":"https:\/\/diarioregionaldigital.com.br\/index.php?rest_route=%2Fwp%2Fv2%2Fcategories&post=138654"},{"taxonomy":"post_tag","embeddable":true,"href":"https:\/\/diarioregionaldigital.com.br\/index.php?rest_route=%2Fwp%2Fv2%2Ftags&post=138654"}],"curies":[{"name":"wp","href":"https:\/\/api.w.org\/{rel}","templated":true}]}}