{"id":138651,"date":"2019-04-22T16:36:33","date_gmt":"2019-04-22T19:36:33","guid":{"rendered":"https:\/\/diarioregionaldigital.com.br\/?p=138651"},"modified":"2019-04-22T16:36:33","modified_gmt":"2019-04-22T19:36:33","slug":"com-devolucao-de-avioes-avianca-cancela-mais-voos-em-todo-o-pais","status":"publish","type":"post","link":"https:\/\/diarioregionaldigital.com.br\/?p=138651","title":{"rendered":"Com devolu\u00e7\u00e3o de avi\u00f5es, Avianca cancela mais voos em todo o pa\u00eds"},"content":{"rendered":"<p>A Avianca Brasil come\u00e7a a devolver, a partir desta segunda-feira, 22, mais oito avi\u00f5es de sua frota \u00e0s empresas de\u00a0<em>leasing<\/em>\u00a0propriet\u00e1rias das aeronaves. Ao todo, 18 aeronaves ser\u00e3o devolvidas a essas empresas. Outras tr\u00eas ainda est\u00e3o em negocia\u00e7\u00e3o, ainda sem prazo para serem devolvidas.<\/p>\n<p>De acordo com a Ag\u00eancia Nacional de Avia\u00e7\u00e3o Civil (Anac), as devolu\u00e7\u00f5es s\u00e3o em cumprimento a decis\u00f5es judiciais, atendendo pedido das empresas de\u00a0<em>leasing<\/em>. Algumas devolu\u00e7\u00f5es est\u00e3o sendo feitas gradualmente, de forma a mitigar os efeitos para os passageiros que viajaram no feriado de P\u00e1scoa.<\/p>\n<p>Por determina\u00e7\u00e3o da Anac, a companhia ter\u00e1 de adequar sua malha a\u00e9rea, seu sistema de venda de passagens e dar \u201campla divulga\u00e7\u00e3o dos voos cancelados de forma a minimizar o impacto pela retirada das aeronaves\u201d.<\/p>\n<p>Em sua p\u00e1gina na\u00a0internet,\u00a0\u00a0a empresa vem informando aos passageiros o cancelamento pontual de voos da empresa, por meio de uma lista atualizada com a identifica\u00e7\u00e3o dos voos cancelados.<\/p>\n<p>De acordo com a Avianca, o servi\u00e7o visa minimizar o impacto na sua opera\u00e7\u00e3o e aos passageiros. A empresa afirma que manter\u00e1 o compromisso, assumido com a Anac, de informar com anteced\u00eancia m\u00ednima de 72 horas os voos que ser\u00e3o cancelados.<\/p>\n<h2>Recupera\u00e7\u00e3o judicial<\/h2>\n<p>No \u00faltimo dia 5, a assembleia de credores aprovou o plano de recupera\u00e7\u00e3o judicial em uma reuni\u00e3o que durou mais de sete horas. O plano prev\u00ea a divis\u00e3o da empresa por meio da cria\u00e7\u00e3o de sete unidades produtivas isoladas (UPIs), que ser\u00e3o levadas a leil\u00e3o. Seis UPIs conter\u00e3o partes dos direitos de pousos e decolagens (\u201c<em>slots<\/em>\u201d) da Avianca nos aeroportos de Congonhas, Guarulhos e Santos Dumont e uma vai englobar o programa de fidelidade da empresa.<\/p>\n<p>O plano de recupera\u00e7\u00e3o da empresa a\u00e9rea foi homologado no \u00faltimo dia 12 pelo juiz Tiago Henriques Papaterra Limongi, da 1\u00aa Vara de Fal\u00eancias e Recupera\u00e7\u00f5es Judiciais de S\u00e3o Paulo. De acordo com a decis\u00e3o, a empresa permanecer\u00e1 em recupera\u00e7\u00e3o judicial at\u00e9 que se cumpram as obriga\u00e7\u00f5es previstas no plano.<\/p>\n<h2>Senacom<\/h2>\n<p>Por meio de nota, a Secretaria Nacional do Consumidor (Senacon) informou j\u00e1 ter enviado notifica\u00e7\u00e3o \u00e0 Avianca, pedindo informa\u00e7\u00f5es sobre o n\u00famero de assentos vendidos pela empresa; sobre como est\u00e1 sendo feita a distribui\u00e7\u00e3o de assentos; e sobre se h\u00e1 riscos de mais voos serem cancelados.<\/p>\n<p>Segundo a secretaria, os consumidores lesados poder\u00e3o apresentar suas reclama\u00e7\u00f5es na plataforma\u00a0consumidor.gov.br\u00a0que pode ser acessada por navegador ou por aplicativo pr\u00f3prio dispon\u00edvel para os sistemas\u00a0<em>Apple e Android<\/em>.<\/p>\n<p>&nbsp;<\/p>\n<p>Fonte: Ag\u00eancia Brasil<\/p>\n","protected":false},"excerpt":{"rendered":"<p>A Avianca Brasil come\u00e7a a devolver, a partir desta segunda-feira, 22, mais oito avi\u00f5es de sua frota \u00e0s empresas de\u00a0leasing\u00a0propriet\u00e1rias das aeronaves. Ao todo, 18 aeronaves ser\u00e3o devolvidas a essas empresas. Outras tr\u00eas ainda est\u00e3o em negocia\u00e7\u00e3o, ainda sem prazo para serem devolvidas. De acordo com a Ag\u00eancia Nacional de Avia\u00e7\u00e3o Civil (Anac), as devolu\u00e7\u00f5es [&hellip;]<\/p>\n","protected":false},"author":96,"featured_media":138652,"comment_status":"closed","ping_status":"closed","sticky":false,"template":"","format":"standard","meta":{"footnotes":""},"categories":[436,261,262,439],"tags":[],"class_list":["post-138651","post","type-post","status-publish","format-standard","has-post-thumbnail","hentry","category-destaque-da-semana","category-economia","category-noticias","category-ultima-hora"],"_links":{"self":[{"href":"https:\/\/diarioregionaldigital.com.br\/index.php?rest_route=\/wp\/v2\/posts\/138651","targetHints":{"allow":["GET"]}}],"collection":[{"href":"https:\/\/diarioregionaldigital.com.br\/index.php?rest_route=\/wp\/v2\/posts"}],"about":[{"href":"https:\/\/diarioregionaldigital.com.br\/index.php?rest_route=\/wp\/v2\/types\/post"}],"author":[{"embeddable":true,"href":"https:\/\/diarioregionaldigital.com.br\/index.php?rest_route=\/wp\/v2\/users\/96"}],"replies":[{"embeddable":true,"href":"https:\/\/diarioregionaldigital.com.br\/index.php?rest_route=%2Fwp%2Fv2%2Fcomments&post=138651"}],"version-history":[{"count":0,"href":"https:\/\/diarioregionaldigital.com.br\/index.php?rest_route=\/wp\/v2\/posts\/138651\/revisions"}],"wp:featuredmedia":[{"embeddable":true,"href":"https:\/\/diarioregionaldigital.com.br\/index.php?rest_route=\/wp\/v2\/media\/138652"}],"wp:attachment":[{"href":"https:\/\/diarioregionaldigital.com.br\/index.php?rest_route=%2Fwp%2Fv2%2Fmedia&parent=138651"}],"wp:term":[{"taxonomy":"category","embeddable":true,"href":"https:\/\/diarioregionaldigital.com.br\/index.php?rest_route=%2Fwp%2Fv2%2Fcategories&post=138651"},{"taxonomy":"post_tag","embeddable":true,"href":"https:\/\/diarioregionaldigital.com.br\/index.php?rest_route=%2Fwp%2Fv2%2Ftags&post=138651"}],"curies":[{"name":"wp","href":"https:\/\/api.w.org\/{rel}","templated":true}]}}