{"id":138636,"date":"2019-04-22T11:56:52","date_gmt":"2019-04-22T14:56:52","guid":{"rendered":"https:\/\/diarioregionaldigital.com.br\/?p=138636"},"modified":"2019-04-22T11:56:52","modified_gmt":"2019-04-22T14:56:52","slug":"vasco-demite-alberto-valentim-apos-nova-derrota-na-final-do-carioca","status":"publish","type":"post","link":"https:\/\/diarioregionaldigital.com.br\/?p=138636","title":{"rendered":"Vasco demite Alberto Valentim ap\u00f3s nova derrota na final do Carioca"},"content":{"rendered":"<p>O diretor executivo de futebol do\u00a0Vasco da Gama, Alexandre Faria, anunciou a sa\u00edda do t\u00e9cnico Alberto Valentim do comando da equipe, na noite deste domingo.<\/p>\n<p>Ap\u00f3s a derrota para o\u00a0Flamengo\u00a0na decis\u00e3o do\u00a0Campeonato Carioca, neste domingo, no Maracan\u00e3, Valentim deixou o est\u00e1dio sem falar com a imprensa, e coube ao dirigente conceder a coletiva p\u00f3s-jogo programada. Alexandre Faria confirmou que a decis\u00e3o de demitir o t\u00e9cnico partiu da diretoria.<\/p>\n<p>\u201cAlberto \u00e9 um cara de muita fibra e n\u00e3o deixa trabalho no meio. A decis\u00e3o foi tomada agora e pela dire\u00e7\u00e3o do clube,\u201d confirmou o dirigente em entrevista coletiva.<\/p>\n<p>Sobre a substitui\u00e7\u00e3o do treinador, a dire\u00e7\u00e3o do clube n\u00e3o tem pressa para anunciar um novo nome. No momento, Marcos Valadares, treinador da equipe sub-20 do Vasco, assume o time.<\/p>\n<p>O presidente Alexandre Campello tamb\u00e9m falou sobre a demiss\u00e3o do treinador, e justificou a atitude da diretoria. \u201cA paci\u00eancia da torcida n\u00e3o \u00e9 o que a gente deseja. A necessidade de resultados imediatos como a partida de quarta-feira e o in\u00edcio do Brasileiro, foi o que motivou nossa decis\u00e3o\u201d, disse Campello.<\/p>\n<p>No clube desde agosto do ano passado, Alberto Valentim deixa o clube com um retrospecto de 42 jogos, com 18 vit\u00f3rias, 11 empates e 13 derrotas, e a conquista do t\u00edtulo da Ta\u00e7a Guanabara, primeiro turno do Carioca de 2019.<\/p>\n<p>Fonte: Assessoria<\/p>\n","protected":false},"excerpt":{"rendered":"<p>O diretor executivo de futebol do\u00a0Vasco da Gama, Alexandre Faria, anunciou a sa\u00edda do t\u00e9cnico Alberto Valentim do comando da equipe, na noite deste domingo. Ap\u00f3s a derrota para o\u00a0Flamengo\u00a0na decis\u00e3o do\u00a0Campeonato Carioca, neste domingo, no Maracan\u00e3, Valentim deixou o est\u00e1dio sem falar com a imprensa, e coube ao dirigente conceder a coletiva p\u00f3s-jogo programada. [&hellip;]<\/p>\n","protected":false},"author":96,"featured_media":138637,"comment_status":"closed","ping_status":"closed","sticky":false,"template":"","format":"standard","meta":{"footnotes":""},"categories":[257,439],"tags":[],"class_list":["post-138636","post","type-post","status-publish","format-standard","has-post-thumbnail","hentry","category-esporte","category-ultima-hora"],"_links":{"self":[{"href":"https:\/\/diarioregionaldigital.com.br\/index.php?rest_route=\/wp\/v2\/posts\/138636","targetHints":{"allow":["GET"]}}],"collection":[{"href":"https:\/\/diarioregionaldigital.com.br\/index.php?rest_route=\/wp\/v2\/posts"}],"about":[{"href":"https:\/\/diarioregionaldigital.com.br\/index.php?rest_route=\/wp\/v2\/types\/post"}],"author":[{"embeddable":true,"href":"https:\/\/diarioregionaldigital.com.br\/index.php?rest_route=\/wp\/v2\/users\/96"}],"replies":[{"embeddable":true,"href":"https:\/\/diarioregionaldigital.com.br\/index.php?rest_route=%2Fwp%2Fv2%2Fcomments&post=138636"}],"version-history":[{"count":0,"href":"https:\/\/diarioregionaldigital.com.br\/index.php?rest_route=\/wp\/v2\/posts\/138636\/revisions"}],"wp:featuredmedia":[{"embeddable":true,"href":"https:\/\/diarioregionaldigital.com.br\/index.php?rest_route=\/wp\/v2\/media\/138637"}],"wp:attachment":[{"href":"https:\/\/diarioregionaldigital.com.br\/index.php?rest_route=%2Fwp%2Fv2%2Fmedia&parent=138636"}],"wp:term":[{"taxonomy":"category","embeddable":true,"href":"https:\/\/diarioregionaldigital.com.br\/index.php?rest_route=%2Fwp%2Fv2%2Fcategories&post=138636"},{"taxonomy":"post_tag","embeddable":true,"href":"https:\/\/diarioregionaldigital.com.br\/index.php?rest_route=%2Fwp%2Fv2%2Ftags&post=138636"}],"curies":[{"name":"wp","href":"https:\/\/api.w.org\/{rel}","templated":true}]}}