{"id":138629,"date":"2019-04-22T11:53:22","date_gmt":"2019-04-22T14:53:22","guid":{"rendered":"https:\/\/diarioregionaldigital.com.br\/?p=138629"},"modified":"2019-04-22T11:53:22","modified_gmt":"2019-04-22T14:53:22","slug":"tupi-perde-para-o-tombense-em-jogo-treino","status":"publish","type":"post","link":"https:\/\/diarioregionaldigital.com.br\/?p=138629","title":{"rendered":"Tupi perde para o Tombense em jogo- treino"},"content":{"rendered":"<p>O Galo Carij\u00f3 segue sua prepara\u00e7\u00e3o visando a estreia no Brasileiro da S\u00e9rie D, dia 05 de maio, contra o Herc\u00edlio Luz(SC), em Tubar\u00e3o(SC), 16h. No s\u00e1bado, 20, o Tupi FC fez o jogo de volta contra o Tombense, retribuindo a visita no meio de semana. Dessa vez o \u201cgavi\u00e3o carcar\u00e1\u201d levou a melhor e ganhou por 4 a 2, no Almeid\u00e3o, em Tombos. Em Juiz de Fora, o placar foi de 0 a 0, no M\u00e1rio Hel\u00eanio.<\/p>\n<p>De acordo com as informa\u00e7\u00f5es do colega Frederico Linhares, da R\u00e1dio Tombos Sonora que transmitiu o amistoso com exclusividade, o Tombense dominou a etapa inicial. O Tupi voltou melhor no segundo tempo buscando mais o gol. Depois, o time da casa reagiu e aproveitou as oportunidades fechando o placar em 4 a 2: gols de Galdino(2), Denilson e \u00c9dson. Para a equipe juiz-forana marcaram Gabriel Costa, aos 36 do 1\u00bat e Felipe Candango, aos 12 do 2\u00bat, de p\u00eanalti. Juninho Capixaba foi o destaque pelo alvinegro.<\/p>\n<p>O \u201cplant\u00e3o Globo\u201d, Chico C\u00edcero, da R\u00e1dio Globo Juiz de Fora AM 910, acompanhou a transmiss\u00e3o da R\u00e1dio Tombos Sonora e mandou a escala\u00e7\u00e3o do Carij\u00f3.\u00a0TUPI come\u00e7ou com: Ricardo Villar; Thiago Ryan, Adalberto, Lucas Tavares e Lucas Sampaio; Max Carrasco, Vitor, Baiano e Juninho Capixaba; Felipe Candango e Gabriel Costa.<\/p>\n<p>Durante o segundo tempo o treinador Beto Sousa mudou o time, sem mexer na defesa:\u00a0Paulo V\u00edctor (Bruno); Thiago Ryan, Adalberto, Lucas Tavares e Lucas Sampaio; Pedrinho,\u00a0 Marco Tulio, Marcel e Alencar; Hugo e Wellington.<\/p>\n","protected":false},"excerpt":{"rendered":"<p>O Galo Carij\u00f3 segue sua prepara\u00e7\u00e3o visando a estreia no Brasileiro da S\u00e9rie D, dia 05 de maio, contra o Herc\u00edlio Luz(SC), em Tubar\u00e3o(SC), 16h. No s\u00e1bado, 20, o Tupi FC fez o jogo de volta contra o Tombense, retribuindo a visita no meio de semana. Dessa vez o \u201cgavi\u00e3o carcar\u00e1\u201d levou a melhor e [&hellip;]<\/p>\n","protected":false},"author":96,"featured_media":138630,"comment_status":"closed","ping_status":"closed","sticky":false,"template":"","format":"standard","meta":{"footnotes":""},"categories":[257,439],"tags":[],"class_list":["post-138629","post","type-post","status-publish","format-standard","has-post-thumbnail","hentry","category-esporte","category-ultima-hora"],"_links":{"self":[{"href":"https:\/\/diarioregionaldigital.com.br\/index.php?rest_route=\/wp\/v2\/posts\/138629","targetHints":{"allow":["GET"]}}],"collection":[{"href":"https:\/\/diarioregionaldigital.com.br\/index.php?rest_route=\/wp\/v2\/posts"}],"about":[{"href":"https:\/\/diarioregionaldigital.com.br\/index.php?rest_route=\/wp\/v2\/types\/post"}],"author":[{"embeddable":true,"href":"https:\/\/diarioregionaldigital.com.br\/index.php?rest_route=\/wp\/v2\/users\/96"}],"replies":[{"embeddable":true,"href":"https:\/\/diarioregionaldigital.com.br\/index.php?rest_route=%2Fwp%2Fv2%2Fcomments&post=138629"}],"version-history":[{"count":0,"href":"https:\/\/diarioregionaldigital.com.br\/index.php?rest_route=\/wp\/v2\/posts\/138629\/revisions"}],"wp:featuredmedia":[{"embeddable":true,"href":"https:\/\/diarioregionaldigital.com.br\/index.php?rest_route=\/wp\/v2\/media\/138630"}],"wp:attachment":[{"href":"https:\/\/diarioregionaldigital.com.br\/index.php?rest_route=%2Fwp%2Fv2%2Fmedia&parent=138629"}],"wp:term":[{"taxonomy":"category","embeddable":true,"href":"https:\/\/diarioregionaldigital.com.br\/index.php?rest_route=%2Fwp%2Fv2%2Fcategories&post=138629"},{"taxonomy":"post_tag","embeddable":true,"href":"https:\/\/diarioregionaldigital.com.br\/index.php?rest_route=%2Fwp%2Fv2%2Ftags&post=138629"}],"curies":[{"name":"wp","href":"https:\/\/api.w.org\/{rel}","templated":true}]}}