{"id":138620,"date":"2019-04-21T06:00:35","date_gmt":"2019-04-21T09:00:35","guid":{"rendered":"https:\/\/diarioregionaldigital.com.br\/?p=138620"},"modified":"2019-04-19T00:46:04","modified_gmt":"2019-04-19T03:46:04","slug":"dia-d-4","status":"publish","type":"post","link":"https:\/\/diarioregionaldigital.com.br\/?p=138620","title":{"rendered":"\u201cDia D\u201d"},"content":{"rendered":"<p style=\"text-align: center;\"><strong>Gastronomia<\/strong><\/p>\n<p style=\"text-align: center;\">A lavanda est\u00e1 em alta e o lim\u00e3o \u00e9 uma das frutas que combina para pratos finos. O mix do floral com a acidez da fruta rende um sabor suave e fresco. Na mesa, crumble de frutas vermelhas com chantilly de lavanda e limonada pink s\u00e3o os preferidos da elegante Regina Horta e Silva. Mas aten\u00e7\u00e3o: o segredo \u00e9 n\u00e3o infusionar demais, quando h\u00e1 exagero, parece que comemos perfume.<\/p>\n<p style=\"text-align: center;\"><strong>O que trazes para mim?<\/strong><\/p>\n<p style=\"text-align: center;\">Muito chocolate saboroso, browie e ovos de P\u00e1scoa fazem a diferen\u00e7a no D\u2019Atelier Maria Pipoca by Andrea Cintia. De mercado com os produtos mais gostosos \u00e0 base de chocolate, trouxe novidades docinhos em forma de ovos e que tais. Na promo\u00e7\u00e3o do Di\u00e1rio Regional com apoio deste colunista, o D\u2019Atelier Maria Pipoca sorteou uma linda cesta de P\u00e1scoa, fazendo feliz a vencedora Dayse Viana.<\/p>\n<p style=\"text-align: center;\"><strong>Beleza Rara<\/strong><\/p>\n<p style=\"text-align: center;\">O designer de interiores Rodrigo Bissoli usa a cabe\u00e7a feita pra decorar as mais lindas resid\u00eancias do peda\u00e7o. Os objetos em forma de cabe\u00e7a em pel\u00facia, resina, papel mach\u00ea ou MDF, novos vers\u00f5es dos velhos bichinhos s\u00e3o o \u2018must\u2019 na decora\u00e7\u00e3o de interiores. Ele indica.<\/p>\n<p style=\"text-align: center;\"><strong>Luxo e Discri\u00e7\u00e3o<\/strong><\/p>\n<p style=\"text-align: center;\">Veridiana Martins \u00e9 craque na organiza\u00e7\u00e3o de festas com seu buffet A Festa \u00e9 Sua. Catalogada com uma das melhores, ela alia bom gosto e sintetiza de forma elegante festas e recep\u00e7\u00f5es com cerimoniais de primeir\u00edssima qualidade.<\/p>\n<p style=\"text-align: center;\"><span style=\"font-size: 14pt;\"><strong>\u201cDia D\u201d<\/strong><\/span><\/p>\n<p style=\"text-align: center;\">Usando como cen\u00e1rio o Itanhang\u00e1 Golf e Clube, no Rio de Janeiro, o bonito casal Lilian Macedo Gomes e Nelson Belotti protagonizaram sess\u00e3o flor de laranjeira em um ambiente suntuoso. Gente chique da sociedade carioca e juiz-forana foram recebidos em uma cerim\u00f4nia ao ar livre emocionante. A recep\u00e7\u00e3o refinada foi na varanda e no sal\u00e3o com decora\u00e7\u00e3o deslumbrante com flores raras, buffet 5 estrelas, boa m\u00fasica e bebidas finas. As fotos de Marc\u00edlio Gomes registram.<\/p>\n<div id=\"attachment_138610\" style=\"width: 690px\" class=\"wp-caption aligncenter\"><img loading=\"lazy\" decoding=\"async\" aria-describedby=\"caption-attachment-138610\" class=\"wp-image-138610\" src=\"https:\/\/diarioregionaldigital.com.br\/wp-content\/uploads\/2019\/04\/fotoa-14-e1555644946353.jpg\" alt=\"\" width=\"680\" height=\"538\" srcset=\"https:\/\/diarioregionaldigital.com.br\/wp-content\/uploads\/2019\/04\/fotoa-14-e1555644946353.jpg 1151w, https:\/\/diarioregionaldigital.com.br\/wp-content\/uploads\/2019\/04\/fotoa-14-e1555644946353-300x237.jpg 300w, https:\/\/diarioregionaldigital.com.br\/wp-content\/uploads\/2019\/04\/fotoa-14-e1555644946353-768x607.jpg 768w, https:\/\/diarioregionaldigital.com.br\/wp-content\/uploads\/2019\/04\/fotoa-14-e1555644946353-1024x810.jpg 1024w, https:\/\/diarioregionaldigital.com.br\/wp-content\/uploads\/2019\/04\/fotoa-14-e1555644946353-360x285.jpg 360w\" sizes=\"auto, (max-width: 680px) 100vw, 680px\" \/><p id=\"caption-attachment-138610\" class=\"wp-caption-text\">O lindo casal Lilian Macedo Gomes e Nelson Belotti<\/p><\/div>\n<div id=\"attachment_138611\" style=\"width: 690px\" class=\"wp-caption aligncenter\"><img loading=\"lazy\" decoding=\"async\" aria-describedby=\"caption-attachment-138611\" class=\"wp-image-138611\" src=\"https:\/\/diarioregionaldigital.com.br\/wp-content\/uploads\/2019\/04\/fotoaa-9-e1555644975872.jpg\" alt=\"\" width=\"680\" height=\"496\" srcset=\"https:\/\/diarioregionaldigital.com.br\/wp-content\/uploads\/2019\/04\/fotoaa-9-e1555644975872.jpg 428w, https:\/\/diarioregionaldigital.com.br\/wp-content\/uploads\/2019\/04\/fotoaa-9-e1555644975872-300x219.jpg 300w, https:\/\/diarioregionaldigital.com.br\/wp-content\/uploads\/2019\/04\/fotoaa-9-e1555644975872-360x262.jpg 360w\" sizes=\"auto, (max-width: 680px) 100vw, 680px\" \/><p id=\"caption-attachment-138611\" class=\"wp-caption-text\">Lilian e Nelson no brinde com seus familiares<\/p><\/div>\n<div id=\"attachment_138612\" style=\"width: 690px\" class=\"wp-caption aligncenter\"><img loading=\"lazy\" decoding=\"async\" aria-describedby=\"caption-attachment-138612\" class=\"wp-image-138612\" src=\"https:\/\/diarioregionaldigital.com.br\/wp-content\/uploads\/2019\/04\/fotob-14-e1555645005880.jpg\" alt=\"\" width=\"680\" height=\"491\" srcset=\"https:\/\/diarioregionaldigital.com.br\/wp-content\/uploads\/2019\/04\/fotob-14-e1555645005880.jpg 1193w, https:\/\/diarioregionaldigital.com.br\/wp-content\/uploads\/2019\/04\/fotob-14-e1555645005880-300x217.jpg 300w, https:\/\/diarioregionaldigital.com.br\/wp-content\/uploads\/2019\/04\/fotob-14-e1555645005880-768x554.jpg 768w, https:\/\/diarioregionaldigital.com.br\/wp-content\/uploads\/2019\/04\/fotob-14-e1555645005880-1024x739.jpg 1024w, https:\/\/diarioregionaldigital.com.br\/wp-content\/uploads\/2019\/04\/fotob-14-e1555645005880-360x260.jpg 360w\" sizes=\"auto, (max-width: 680px) 100vw, 680px\" \/><p id=\"caption-attachment-138612\" class=\"wp-caption-text\">Wanda Magnolo, Ivete Gomes, Lilian Macedo Gomes, Nelson Belotti e Jo\u00e3o Carlos Arantes<\/p><\/div>\n<div id=\"attachment_138613\" style=\"width: 690px\" class=\"wp-caption aligncenter\"><img loading=\"lazy\" decoding=\"async\" aria-describedby=\"caption-attachment-138613\" class=\"wp-image-138613\" src=\"https:\/\/diarioregionaldigital.com.br\/wp-content\/uploads\/2019\/04\/fotobb-5-e1555645036519.jpg\" alt=\"\" width=\"680\" height=\"489\" srcset=\"https:\/\/diarioregionaldigital.com.br\/wp-content\/uploads\/2019\/04\/fotobb-5-e1555645036519.jpg 768w, https:\/\/diarioregionaldigital.com.br\/wp-content\/uploads\/2019\/04\/fotobb-5-e1555645036519-300x216.jpg 300w, https:\/\/diarioregionaldigital.com.br\/wp-content\/uploads\/2019\/04\/fotobb-5-e1555645036519-360x259.jpg 360w\" sizes=\"auto, (max-width: 680px) 100vw, 680px\" \/><p id=\"caption-attachment-138613\" class=\"wp-caption-text\">L\u00e9o Gomes, Ant\u00f4nio Caetano, Lilian e Nelson e B\u00e1rbara Faria Gomes<\/p><\/div>\n<div id=\"attachment_138614\" style=\"width: 690px\" class=\"wp-caption aligncenter\"><img loading=\"lazy\" decoding=\"async\" aria-describedby=\"caption-attachment-138614\" class=\"wp-image-138614\" src=\"https:\/\/diarioregionaldigital.com.br\/wp-content\/uploads\/2019\/04\/fotoc-14-e1555645056120.jpg\" alt=\"\" width=\"680\" height=\"502\" srcset=\"https:\/\/diarioregionaldigital.com.br\/wp-content\/uploads\/2019\/04\/fotoc-14-e1555645056120.jpg 1396w, https:\/\/diarioregionaldigital.com.br\/wp-content\/uploads\/2019\/04\/fotoc-14-e1555645056120-300x222.jpg 300w, https:\/\/diarioregionaldigital.com.br\/wp-content\/uploads\/2019\/04\/fotoc-14-e1555645056120-768x567.jpg 768w, https:\/\/diarioregionaldigital.com.br\/wp-content\/uploads\/2019\/04\/fotoc-14-e1555645056120-1024x756.jpg 1024w, https:\/\/diarioregionaldigital.com.br\/wp-content\/uploads\/2019\/04\/fotoc-14-e1555645056120-360x266.jpg 360w\" sizes=\"auto, (max-width: 680px) 100vw, 680px\" \/><p id=\"caption-attachment-138614\" class=\"wp-caption-text\">Virginia Ol\u00edmpio, Clara Ol\u00edmpio Gomes e Luciano Gomes<\/p><\/div>\n<div id=\"attachment_138616\" style=\"width: 690px\" class=\"wp-caption aligncenter\"><img loading=\"lazy\" decoding=\"async\" aria-describedby=\"caption-attachment-138616\" class=\"wp-image-138616\" src=\"https:\/\/diarioregionaldigital.com.br\/wp-content\/uploads\/2019\/04\/fotoe-10-e1555645081837.jpg\" alt=\"\" width=\"680\" height=\"484\" srcset=\"https:\/\/diarioregionaldigital.com.br\/wp-content\/uploads\/2019\/04\/fotoe-10-e1555645081837.jpg 1191w, https:\/\/diarioregionaldigital.com.br\/wp-content\/uploads\/2019\/04\/fotoe-10-e1555645081837-300x213.jpg 300w, https:\/\/diarioregionaldigital.com.br\/wp-content\/uploads\/2019\/04\/fotoe-10-e1555645081837-768x546.jpg 768w, https:\/\/diarioregionaldigital.com.br\/wp-content\/uploads\/2019\/04\/fotoe-10-e1555645081837-1024x728.jpg 1024w, https:\/\/diarioregionaldigital.com.br\/wp-content\/uploads\/2019\/04\/fotoe-10-e1555645081837-360x256.jpg 360w, https:\/\/diarioregionaldigital.com.br\/wp-content\/uploads\/2019\/04\/fotoe-10-e1555645081837-100x70.jpg 100w\" sizes=\"auto, (max-width: 680px) 100vw, 680px\" \/><p id=\"caption-attachment-138616\" class=\"wp-caption-text\">Jorge J\u00fanior, Eliane Lamha, Ivete Gomes e Mauro Lipp<\/p><\/div>\n<div id=\"attachment_138618\" style=\"width: 690px\" class=\"wp-caption aligncenter\"><img loading=\"lazy\" decoding=\"async\" aria-describedby=\"caption-attachment-138618\" class=\"wp-image-138618\" src=\"https:\/\/diarioregionaldigital.com.br\/wp-content\/uploads\/2019\/04\/fotog-12-e1555645139594.jpg\" alt=\"\" width=\"680\" height=\"496\" srcset=\"https:\/\/diarioregionaldigital.com.br\/wp-content\/uploads\/2019\/04\/fotog-12-e1555645139594.jpg 1169w, https:\/\/diarioregionaldigital.com.br\/wp-content\/uploads\/2019\/04\/fotog-12-e1555645139594-300x219.jpg 300w, https:\/\/diarioregionaldigital.com.br\/wp-content\/uploads\/2019\/04\/fotog-12-e1555645139594-768x560.jpg 768w, https:\/\/diarioregionaldigital.com.br\/wp-content\/uploads\/2019\/04\/fotog-12-e1555645139594-1024x747.jpg 1024w, https:\/\/diarioregionaldigital.com.br\/wp-content\/uploads\/2019\/04\/fotog-12-e1555645139594-360x263.jpg 360w\" sizes=\"auto, (max-width: 680px) 100vw, 680px\" \/><p id=\"caption-attachment-138618\" class=\"wp-caption-text\">Marc\u00edlio Gomes e Nelson Belotti<\/p><\/div>\n<div id=\"attachment_138617\" style=\"width: 690px\" class=\"wp-caption aligncenter\"><img loading=\"lazy\" decoding=\"async\" aria-describedby=\"caption-attachment-138617\" class=\"wp-image-138617\" src=\"https:\/\/diarioregionaldigital.com.br\/wp-content\/uploads\/2019\/04\/fotof-12-e1555645113166.jpg\" alt=\"\" width=\"680\" height=\"485\" srcset=\"https:\/\/diarioregionaldigital.com.br\/wp-content\/uploads\/2019\/04\/fotof-12-e1555645113166.jpg 1552w, https:\/\/diarioregionaldigital.com.br\/wp-content\/uploads\/2019\/04\/fotof-12-e1555645113166-300x214.jpg 300w, https:\/\/diarioregionaldigital.com.br\/wp-content\/uploads\/2019\/04\/fotof-12-e1555645113166-768x548.jpg 768w, https:\/\/diarioregionaldigital.com.br\/wp-content\/uploads\/2019\/04\/fotof-12-e1555645113166-1024x731.jpg 1024w, https:\/\/diarioregionaldigital.com.br\/wp-content\/uploads\/2019\/04\/fotof-12-e1555645113166-360x257.jpg 360w, https:\/\/diarioregionaldigital.com.br\/wp-content\/uploads\/2019\/04\/fotof-12-e1555645113166-100x70.jpg 100w\" sizes=\"auto, (max-width: 680px) 100vw, 680px\" \/><p id=\"caption-attachment-138617\" class=\"wp-caption-text\">Eduardo Gomes, Ieda Ciampi, Ivete Gomes, Sandra Cordeiro, M\u00f4nica Gomide Guimar\u00e3es, Ticiane Ciampi e Carlos Henrique Batitucci<\/p><\/div>\n<p style=\"text-align: center;\"><strong style=\"font-size: 16px;\">FOTOSS\u00cdNTESE<\/strong><\/p>\n<p>Eterna Rainha do R\u00e1dio, a diva Sandra Portella \u00e9 atra\u00e7\u00e3o m\u00e1xima no dia 30 de abril, \u00e0s 23h, no Tijuca T\u00eanis Clube, no Rio.<\/p>\n<p>Foi bel\u00edssimo o concerto de outono que teve abertura de gala no Forum da Cultura da UFJF. Com muitos aplausos se apresentaram Elmir Santos (voz) e Juliana Costa (piano).<\/p>\n<p>Feliz da vida, o fot\u00f3grafo Alu\u00edzio Barbosa comemora o sucesso de sua campanha de P\u00e1scoa em prol das 80 crian\u00e7as atendidas pelo Instituto Bruno. Quem levou uma caixa de bombom ao seu est\u00fadio ganhou um mini ensaio com duas fotos digitais.<\/p>\n<p>Com passagem pelo Di\u00e1rio Regional, a bonita rep\u00f3rter Michele Meireles foi homenageada com o diploma de Colaborador Em\u00e9rito do Ex\u00e9rcito, no 4\u00ba GAC.<\/p>\n<p>O AndarDeBaixo se tornou o celeiro cultural mais transado de Juiz de Fora. No dia 27, vai acontecer a Festa D\u2019Oandar, das 17h \u00e0s 22h. No leque de op\u00e7\u00f5es do espa\u00e7o destaque para cursos e oficinas de teatro livre e laborat\u00f3rio de teatro (toda 2\u00aa feira) e Coragem, Oficina de Presen\u00e7a em p\u00fablico (toda 3\u00aa feira). Informa\u00e7\u00f5es: (32) 9933-9398.<\/p>\n<p>Para o s\u00e1bado 27 de abril vai ter ferve\u00e7\u00e3o no Privil\u00e8ge com o Santo Beat, com o excelente Pedro Sampaio. Os DJs residentes s\u00e3o Sandro Valente e Marquinhos SP.<\/p>\n<p>Para tirar o p\u00e9 do ch\u00e3o, a Arteria promove no domingo, \u00e0s 16h, a Esta\u00e7\u00e3o do Samba.<\/p>\n<p>Na Costelaria do Z\u00e9, hoje, \u00e0s 12h, o lance \u00e9 ir curtir o Almo\u00e7o de P\u00e1scoa do Trade Hotel no T\u00e9rreo.<\/p>\n<p>Na 2\u00aa feira, 22, os talentosos m\u00fasicos que fazem o Duo Caetano Brasil &amp; Guilherme Veronese se apresentam \u00e0s 19h, no Brasador.<\/p>\n<p>A bonita e elegante Lidiane Stambassi e a m\u00e3e Suely Stambassi circularam no Minas Trend em Belo Horizonte conferindo os lan\u00e7amentos de moda para o ver\u00e3o 2020.<\/p>\n<p>Para refletir: \u00c0s vezes precisamos esquecer tudo que j\u00e1 lemos sobre desenvolvimento pessoal e abrir a mente para uma arte totalmente libertadora. Bom dia. Feliz P\u00e1scoa.<\/p>\n<p><img loading=\"lazy\" decoding=\"async\" class=\"aligncenter size-full wp-image-122729\" src=\"https:\/\/diarioregionaldigital.com.br\/wp-content\/uploads\/2018\/10\/diario-pagina-05.jpg\" alt=\"\" width=\"3484\" height=\"653\" srcset=\"https:\/\/diarioregionaldigital.com.br\/wp-content\/uploads\/2018\/10\/diario-pagina-05.jpg 3484w, https:\/\/diarioregionaldigital.com.br\/wp-content\/uploads\/2018\/10\/diario-pagina-05-300x56.jpg 300w, https:\/\/diarioregionaldigital.com.br\/wp-content\/uploads\/2018\/10\/diario-pagina-05-768x144.jpg 768w, https:\/\/diarioregionaldigital.com.br\/wp-content\/uploads\/2018\/10\/diario-pagina-05-1024x192.jpg 1024w, https:\/\/diarioregionaldigital.com.br\/wp-content\/uploads\/2018\/10\/diario-pagina-05-360x67.jpg 360w\" sizes=\"auto, (max-width: 3484px) 100vw, 3484px\" \/><\/p>\n","protected":false},"excerpt":{"rendered":"<p>Gastronomia A lavanda est\u00e1 em alta e o lim\u00e3o \u00e9 uma das frutas que combina para pratos finos. O mix do floral com a acidez da fruta rende um sabor suave e fresco. Na mesa, crumble de frutas vermelhas com chantilly de lavanda e limonada pink s\u00e3o os preferidos da elegante Regina Horta e Silva. [&hellip;]<\/p>\n","protected":false},"author":96,"featured_media":138610,"comment_status":"closed","ping_status":"closed","sticky":false,"template":"","format":"standard","meta":{"footnotes":""},"categories":[264],"tags":[],"class_list":["post-138620","post","type-post","status-publish","format-standard","has-post-thumbnail","hentry","category-eduardo-gomes"],"_links":{"self":[{"href":"https:\/\/diarioregionaldigital.com.br\/index.php?rest_route=\/wp\/v2\/posts\/138620","targetHints":{"allow":["GET"]}}],"collection":[{"href":"https:\/\/diarioregionaldigital.com.br\/index.php?rest_route=\/wp\/v2\/posts"}],"about":[{"href":"https:\/\/diarioregionaldigital.com.br\/index.php?rest_route=\/wp\/v2\/types\/post"}],"author":[{"embeddable":true,"href":"https:\/\/diarioregionaldigital.com.br\/index.php?rest_route=\/wp\/v2\/users\/96"}],"replies":[{"embeddable":true,"href":"https:\/\/diarioregionaldigital.com.br\/index.php?rest_route=%2Fwp%2Fv2%2Fcomments&post=138620"}],"version-history":[{"count":0,"href":"https:\/\/diarioregionaldigital.com.br\/index.php?rest_route=\/wp\/v2\/posts\/138620\/revisions"}],"wp:featuredmedia":[{"embeddable":true,"href":"https:\/\/diarioregionaldigital.com.br\/index.php?rest_route=\/wp\/v2\/media\/138610"}],"wp:attachment":[{"href":"https:\/\/diarioregionaldigital.com.br\/index.php?rest_route=%2Fwp%2Fv2%2Fmedia&parent=138620"}],"wp:term":[{"taxonomy":"category","embeddable":true,"href":"https:\/\/diarioregionaldigital.com.br\/index.php?rest_route=%2Fwp%2Fv2%2Fcategories&post=138620"},{"taxonomy":"post_tag","embeddable":true,"href":"https:\/\/diarioregionaldigital.com.br\/index.php?rest_route=%2Fwp%2Fv2%2Ftags&post=138620"}],"curies":[{"name":"wp","href":"https:\/\/api.w.org\/{rel}","templated":true}]}}