{"id":138607,"date":"2019-04-19T06:00:43","date_gmt":"2019-04-19T09:00:43","guid":{"rendered":"https:\/\/diarioregionaldigital.com.br\/?p=138607"},"modified":"2019-04-19T00:39:24","modified_gmt":"2019-04-19T03:39:24","slug":"138607","status":"publish","type":"post","link":"https:\/\/diarioregionaldigital.com.br\/?p=138607","title":{"rendered":"Gente Boa"},"content":{"rendered":"<p style=\"text-align: center;\"><strong>Para Saber <\/strong><\/p>\n<p style=\"text-align: center;\">Procurando o mapa da mina, o Instituto Brasileiro de Psican\u00e1lise Din\u00e2mica de Grupo e Psicodrama, pelo quinto ano consecutivo, promove a V Jornada Cient\u00edfica. Completando 40 anos de atividade a a\u00e7\u00e3o ser\u00e1 no CES\/JF, entre os dias 2 e 4 de maio. Inscri\u00e7\u00f5es abertas.<\/p>\n<p style=\"text-align: center;\"><strong>Gente Boa<\/strong><\/p>\n<p style=\"text-align: center;\">Antenado e disciplinado com o esporte, Luiz Bara Faria, jovem juiz-forano n\u00famero 1 da equipe de t\u00eanis da Costal Carolina principal Universidade da Carolina do Sul (USA), est\u00e1 com tudo e n\u00e3o est\u00e1 prosa. Foi homenageado pelo desempenho exemplar como atleta e aluno. Parab\u00e9ns!<\/p>\n<p style=\"text-align: center;\"><strong>Evento<\/strong><\/p>\n<p style=\"text-align: center;\">Com alta produ\u00e7\u00e3o, vai acontecer no dia 7 de maio, \u00e0s 19h, no Hotel Serrano, o Caf\u00e9 com o S\u00edndico, reunindo na noite muito conte\u00fado e troca de ideias. Para falar foram convocados, Pablo Alves (CASTEG) com o tema \u201cNovas Tecnologias em Seguran\u00e7a Condominial\u201d. J\u00e1 Marselha Evangelista e Andrea Horta ser\u00e3o as mediadoras de conflitos para o tema Conflitos no Condom\u00ednio: Como agir!<\/p>\n<p style=\"text-align: center;\"><strong>Cores e Amores<\/strong><\/p>\n<p style=\"text-align: center;\">Dona da hist\u00f3ria toda, a artista Mait\u00ea Lacerda foi convidada pela papelaria C\u00edcero para pintar e bordar. Nome por tr\u00e1s da Benta Studio. para cobrir de flores, planners, blocos e estojos, ela estampou as pe\u00e7as retratando esp\u00e9cies poucas comuns, desenhadas digitalmente, p\u00e9tala por p\u00e9tala. Ficou Show!<\/p>\n<div id=\"attachment_138594\" style=\"width: 690px\" class=\"wp-caption aligncenter\"><img loading=\"lazy\" decoding=\"async\" aria-describedby=\"caption-attachment-138594\" class=\"wp-image-138594\" src=\"https:\/\/diarioregionaldigital.com.br\/wp-content\/uploads\/2019\/04\/fotoa-13.jpg\" alt=\"\" width=\"680\" height=\"452\" srcset=\"https:\/\/diarioregionaldigital.com.br\/wp-content\/uploads\/2019\/04\/fotoa-13.jpg 1770w, https:\/\/diarioregionaldigital.com.br\/wp-content\/uploads\/2019\/04\/fotoa-13-300x199.jpg 300w, https:\/\/diarioregionaldigital.com.br\/wp-content\/uploads\/2019\/04\/fotoa-13-768x510.jpg 768w, https:\/\/diarioregionaldigital.com.br\/wp-content\/uploads\/2019\/04\/fotoa-13-1024x680.jpg 1024w, https:\/\/diarioregionaldigital.com.br\/wp-content\/uploads\/2019\/04\/fotoa-13-360x239.jpg 360w\" sizes=\"auto, (max-width: 680px) 100vw, 680px\" \/><p id=\"caption-attachment-138594\" class=\"wp-caption-text\">Mulheres elegante em ritmo de Ch\u00e1 das 5 com: Elisabeth Neto, Laura Neto Loures, Silv\u00e2nia Calixto, Soria Calixto e Let\u00edcia Alves<\/p><\/div>\n<div id=\"attachment_138595\" style=\"width: 690px\" class=\"wp-caption aligncenter\"><img loading=\"lazy\" decoding=\"async\" aria-describedby=\"caption-attachment-138595\" class=\"wp-image-138595\" src=\"https:\/\/diarioregionaldigital.com.br\/wp-content\/uploads\/2019\/04\/fotoaa-8-e1555643858525.jpg\" alt=\"\" width=\"680\" height=\"494\" srcset=\"https:\/\/diarioregionaldigital.com.br\/wp-content\/uploads\/2019\/04\/fotoaa-8-e1555643858525.jpg 762w, https:\/\/diarioregionaldigital.com.br\/wp-content\/uploads\/2019\/04\/fotoaa-8-e1555643858525-300x218.jpg 300w, https:\/\/diarioregionaldigital.com.br\/wp-content\/uploads\/2019\/04\/fotoaa-8-e1555643858525-360x262.jpg 360w\" sizes=\"auto, (max-width: 680px) 100vw, 680px\" \/><p id=\"caption-attachment-138595\" class=\"wp-caption-text\">Fazendo \u2018business\u2019 na Icone Corretora de Seguros, Matheus Jeronymo, Eduardo Gomes e William Meirelles (diretor)<\/p><\/div>\n<div id=\"attachment_138596\" style=\"width: 690px\" class=\"wp-caption aligncenter\"><img loading=\"lazy\" decoding=\"async\" aria-describedby=\"caption-attachment-138596\" class=\"wp-image-138596\" src=\"https:\/\/diarioregionaldigital.com.br\/wp-content\/uploads\/2019\/04\/fotob-13.jpg\" alt=\"\" width=\"680\" height=\"449\" srcset=\"https:\/\/diarioregionaldigital.com.br\/wp-content\/uploads\/2019\/04\/fotob-13.jpg 1770w, https:\/\/diarioregionaldigital.com.br\/wp-content\/uploads\/2019\/04\/fotob-13-300x198.jpg 300w, https:\/\/diarioregionaldigital.com.br\/wp-content\/uploads\/2019\/04\/fotob-13-768x508.jpg 768w, https:\/\/diarioregionaldigital.com.br\/wp-content\/uploads\/2019\/04\/fotob-13-1024x677.jpg 1024w, https:\/\/diarioregionaldigital.com.br\/wp-content\/uploads\/2019\/04\/fotob-13-1440x950.jpg 1440w, https:\/\/diarioregionaldigital.com.br\/wp-content\/uploads\/2019\/04\/fotob-13-360x238.jpg 360w\" sizes=\"auto, (max-width: 680px) 100vw, 680px\" \/><p id=\"caption-attachment-138596\" class=\"wp-caption-text\">Gente refinada no jantar do Berthus &#8211; Santo Ant\u00f4nio, Sonia Zouain, Jos\u00e9 M\u00e1rcio Ferreira, Gisele Rodrigues Coelho e Frederico Zouain Ferreira<\/p><\/div>\n<div id=\"attachment_138597\" style=\"width: 690px\" class=\"wp-caption aligncenter\"><img loading=\"lazy\" decoding=\"async\" aria-describedby=\"caption-attachment-138597\" class=\"wp-image-138597\" src=\"https:\/\/diarioregionaldigital.com.br\/wp-content\/uploads\/2019\/04\/fotobb-4-e1555643887809.jpg\" alt=\"\" width=\"680\" height=\"470\" srcset=\"https:\/\/diarioregionaldigital.com.br\/wp-content\/uploads\/2019\/04\/fotobb-4-e1555643887809.jpg 4515w, https:\/\/diarioregionaldigital.com.br\/wp-content\/uploads\/2019\/04\/fotobb-4-e1555643887809-300x207.jpg 300w, https:\/\/diarioregionaldigital.com.br\/wp-content\/uploads\/2019\/04\/fotobb-4-e1555643887809-768x531.jpg 768w, https:\/\/diarioregionaldigital.com.br\/wp-content\/uploads\/2019\/04\/fotobb-4-e1555643887809-1024x708.jpg 1024w, https:\/\/diarioregionaldigital.com.br\/wp-content\/uploads\/2019\/04\/fotobb-4-e1555643887809-360x249.jpg 360w, https:\/\/diarioregionaldigital.com.br\/wp-content\/uploads\/2019\/04\/fotobb-4-e1555643887809-100x70.jpg 100w\" sizes=\"auto, (max-width: 680px) 100vw, 680px\" \/><p id=\"caption-attachment-138597\" class=\"wp-caption-text\">Aplausos para os m\u00fasicos do quarteto do mil\u00eanio com: Guilherme Veronese (pianista), Gladston Vieira (baterista), Caetano Brasil (clarinetista) e Adalberto Silva (baixista)<\/p><\/div>\n<div id=\"attachment_138598\" style=\"width: 690px\" class=\"wp-caption aligncenter\"><img loading=\"lazy\" decoding=\"async\" aria-describedby=\"caption-attachment-138598\" class=\"wp-image-138598\" src=\"https:\/\/diarioregionaldigital.com.br\/wp-content\/uploads\/2019\/04\/fotoc-13-e1555643917918.jpg\" alt=\"\" width=\"680\" height=\"474\" srcset=\"https:\/\/diarioregionaldigital.com.br\/wp-content\/uploads\/2019\/04\/fotoc-13-e1555643917918.jpg 1173w, https:\/\/diarioregionaldigital.com.br\/wp-content\/uploads\/2019\/04\/fotoc-13-e1555643917918-300x210.jpg 300w, https:\/\/diarioregionaldigital.com.br\/wp-content\/uploads\/2019\/04\/fotoc-13-e1555643917918-768x536.jpg 768w, https:\/\/diarioregionaldigital.com.br\/wp-content\/uploads\/2019\/04\/fotoc-13-e1555643917918-1024x714.jpg 1024w, https:\/\/diarioregionaldigital.com.br\/wp-content\/uploads\/2019\/04\/fotoc-13-e1555643917918-360x251.jpg 360w, https:\/\/diarioregionaldigital.com.br\/wp-content\/uploads\/2019\/04\/fotoc-13-e1555643917918-100x70.jpg 100w\" sizes=\"auto, (max-width: 680px) 100vw, 680px\" \/><p id=\"caption-attachment-138598\" class=\"wp-caption-text\">Os carism\u00e1ticos Patr\u00edcia Maia, Lilian Batitucci e Paulinho Barbeitos, no Terrazzo<\/p><\/div>\n<div id=\"attachment_138600\" style=\"width: 690px\" class=\"wp-caption aligncenter\"><img loading=\"lazy\" decoding=\"async\" aria-describedby=\"caption-attachment-138600\" class=\"wp-image-138600\" src=\"https:\/\/diarioregionaldigital.com.br\/wp-content\/uploads\/2019\/04\/fotoe-9-e1555643936368.jpg\" alt=\"\" width=\"680\" height=\"474\" srcset=\"https:\/\/diarioregionaldigital.com.br\/wp-content\/uploads\/2019\/04\/fotoe-9-e1555643936368.jpg 1600w, https:\/\/diarioregionaldigital.com.br\/wp-content\/uploads\/2019\/04\/fotoe-9-e1555643936368-300x210.jpg 300w, https:\/\/diarioregionaldigital.com.br\/wp-content\/uploads\/2019\/04\/fotoe-9-e1555643936368-768x535.jpg 768w, https:\/\/diarioregionaldigital.com.br\/wp-content\/uploads\/2019\/04\/fotoe-9-e1555643936368-1024x714.jpg 1024w, https:\/\/diarioregionaldigital.com.br\/wp-content\/uploads\/2019\/04\/fotoe-9-e1555643936368-360x251.jpg 360w, https:\/\/diarioregionaldigital.com.br\/wp-content\/uploads\/2019\/04\/fotoe-9-e1555643936368-100x70.jpg 100w\" sizes=\"auto, (max-width: 680px) 100vw, 680px\" \/><p id=\"caption-attachment-138600\" class=\"wp-caption-text\">Na noite do Restaurante Pal\u00e1cio, Jeane Vieira e Ranato Abranches com Willian Torga e Ma\u00edra Delgado<\/p><\/div>\n<div id=\"attachment_138602\" style=\"width: 690px\" class=\"wp-caption aligncenter\"><img loading=\"lazy\" decoding=\"async\" aria-describedby=\"caption-attachment-138602\" class=\"wp-image-138602\" src=\"https:\/\/diarioregionaldigital.com.br\/wp-content\/uploads\/2019\/04\/fotog-11-e1555643961271.jpg\" alt=\"\" width=\"680\" height=\"509\" srcset=\"https:\/\/diarioregionaldigital.com.br\/wp-content\/uploads\/2019\/04\/fotog-11-e1555643961271.jpg 1127w, https:\/\/diarioregionaldigital.com.br\/wp-content\/uploads\/2019\/04\/fotog-11-e1555643961271-300x225.jpg 300w, https:\/\/diarioregionaldigital.com.br\/wp-content\/uploads\/2019\/04\/fotog-11-e1555643961271-768x575.jpg 768w, https:\/\/diarioregionaldigital.com.br\/wp-content\/uploads\/2019\/04\/fotog-11-e1555643961271-1024x767.jpg 1024w, https:\/\/diarioregionaldigital.com.br\/wp-content\/uploads\/2019\/04\/fotog-11-e1555643961271-360x270.jpg 360w\" sizes=\"auto, (max-width: 680px) 100vw, 680px\" \/><p id=\"caption-attachment-138602\" class=\"wp-caption-text\">O talentoso artista Yure Mendes<\/p><\/div>\n<div id=\"attachment_138603\" style=\"width: 690px\" class=\"wp-caption aligncenter\"><img loading=\"lazy\" decoding=\"async\" aria-describedby=\"caption-attachment-138603\" class=\"wp-image-138603\" src=\"https:\/\/diarioregionaldigital.com.br\/wp-content\/uploads\/2019\/04\/fotoh-8-e1555643983154.jpg\" alt=\"\" width=\"680\" height=\"520\" srcset=\"https:\/\/diarioregionaldigital.com.br\/wp-content\/uploads\/2019\/04\/fotoh-8-e1555643983154.jpg 1176w, https:\/\/diarioregionaldigital.com.br\/wp-content\/uploads\/2019\/04\/fotoh-8-e1555643983154-300x230.jpg 300w, https:\/\/diarioregionaldigital.com.br\/wp-content\/uploads\/2019\/04\/fotoh-8-e1555643983154-768x588.jpg 768w, https:\/\/diarioregionaldigital.com.br\/wp-content\/uploads\/2019\/04\/fotoh-8-e1555643983154-1024x784.jpg 1024w, https:\/\/diarioregionaldigital.com.br\/wp-content\/uploads\/2019\/04\/fotoh-8-e1555643983154-360x276.jpg 360w\" sizes=\"auto, (max-width: 680px) 100vw, 680px\" \/><p id=\"caption-attachment-138603\" class=\"wp-caption-text\">Rei dos drinks, Victor Almeida<\/p><\/div>\n<div id=\"attachment_138604\" style=\"width: 690px\" class=\"wp-caption aligncenter\"><img loading=\"lazy\" decoding=\"async\" aria-describedby=\"caption-attachment-138604\" class=\"wp-image-138604\" src=\"https:\/\/diarioregionaldigital.com.br\/wp-content\/uploads\/2019\/04\/fotoi-6-e1555644021476.jpg\" alt=\"\" width=\"680\" height=\"518\" srcset=\"https:\/\/diarioregionaldigital.com.br\/wp-content\/uploads\/2019\/04\/fotoi-6-e1555644021476.jpg 1176w, https:\/\/diarioregionaldigital.com.br\/wp-content\/uploads\/2019\/04\/fotoi-6-e1555644021476-300x229.jpg 300w, https:\/\/diarioregionaldigital.com.br\/wp-content\/uploads\/2019\/04\/fotoi-6-e1555644021476-768x585.jpg 768w, https:\/\/diarioregionaldigital.com.br\/wp-content\/uploads\/2019\/04\/fotoi-6-e1555644021476-1024x780.jpg 1024w, https:\/\/diarioregionaldigital.com.br\/wp-content\/uploads\/2019\/04\/fotoi-6-e1555644021476-360x274.jpg 360w\" sizes=\"auto, (max-width: 680px) 100vw, 680px\" \/><p id=\"caption-attachment-138604\" class=\"wp-caption-text\">Hidratando tudo com Josean Pestana<\/p><\/div>\n<div id=\"attachment_138605\" style=\"width: 690px\" class=\"wp-caption aligncenter\"><img loading=\"lazy\" decoding=\"async\" aria-describedby=\"caption-attachment-138605\" class=\"wp-image-138605\" src=\"https:\/\/diarioregionaldigital.com.br\/wp-content\/uploads\/2019\/04\/fotoj-5-e1555644042877.jpg\" alt=\"\" width=\"680\" height=\"554\" srcset=\"https:\/\/diarioregionaldigital.com.br\/wp-content\/uploads\/2019\/04\/fotoj-5-e1555644042877.jpg 1176w, https:\/\/diarioregionaldigital.com.br\/wp-content\/uploads\/2019\/04\/fotoj-5-e1555644042877-300x244.jpg 300w, https:\/\/diarioregionaldigital.com.br\/wp-content\/uploads\/2019\/04\/fotoj-5-e1555644042877-768x626.jpg 768w, https:\/\/diarioregionaldigital.com.br\/wp-content\/uploads\/2019\/04\/fotoj-5-e1555644042877-1024x834.jpg 1024w, https:\/\/diarioregionaldigital.com.br\/wp-content\/uploads\/2019\/04\/fotoj-5-e1555644042877-220x180.jpg 220w, https:\/\/diarioregionaldigital.com.br\/wp-content\/uploads\/2019\/04\/fotoj-5-e1555644042877-360x293.jpg 360w\" sizes=\"auto, (max-width: 680px) 100vw, 680px\" \/><p id=\"caption-attachment-138605\" class=\"wp-caption-text\">O talentoso cantor 3, 2, \u00fanico Bebeto Castro<\/p><\/div>\n<p style=\"text-align: center;\"><strong>FOTOSS\u00cdNTESE<\/strong><\/p>\n<p>Aniversariante de destaque do s\u00e1bado, 20, a diretora executiva do Sircom, Fl\u00e1via Arag\u00e3o Platz.<\/p>\n<p>Vai bombar no dia 27 de abril, a partir das 15h, a festa de anivers\u00e1rio da cantora Sandra Portella, na Quadra da Juventude Imperial. Al\u00e9m de sua poderosa banda, haver\u00e1 atra\u00e7\u00f5es especiais. Convites na loja Z\u00e9 Kodak e loja Stambassi.<\/p>\n<p>Segue at\u00e9 5 de maio o evento Comida Di Buteco que comemora 20 anos de sucesso.<\/p>\n<p>Em abril e maio, a dica \u00e9 ir curtir o Arteria Tupiniquim, chamando aten\u00e7\u00e3o para a hist\u00f3ria da arte e da cultura brasileira. Promo\u00e7\u00f5es e pratos exclusivos e caipirinha de lim\u00e3o (Dom Br\u00e9), a R$10 reais e programa\u00e7\u00e3o de 5\u00aa a domingo, faz a diferen\u00e7a. Na sexta, 19, tem comemora\u00e7\u00e3o ao Dia do \u00cdndio.<\/p>\n<p>Gabriela Fernandes e Get\u00falio Sartori est\u00e3o com novidades para presentes nas duas lojas na galeria Bruno Barbosa. S\u00e3o copos, adornos e sugest\u00f5es incr\u00edveis na Amor Expresso.<\/p>\n<p>Em estilo \u00fanico acontece nos dias 26 e 27 de abril, no Trade Center, o maior evento educacional da Zona da Mata mineira, o VI Semin\u00e1rio Internacional de Educa\u00e7\u00e3o Contempor\u00e2nea &#8211; a SIEC-2019.<\/p>\n<p>Em \u00fanica apresenta\u00e7\u00e3o, o ator Paulo Gustavo e Dea L\u00facia sobe ao palco do Terrazzo no dia 27 de abril, \u00e0s 21h, com o show Filho da M\u00e3e.<\/p>\n<p>Para o dia 21 de abril, o rap do Cacife Clandestino ser\u00e1 a atra\u00e7\u00e3o do Cultural, \u00e0s 17h.<\/p>\n<p>A Alpha Ville Chal\u00e9s vai estremecer Ibitipoca, no S\u00edtio Cachoeirinha 10, para o super show no dia 20 de abril, \u00e0s 20h, com as bandas Biqu\u00edni Cavad\u00e3o e ETC.<\/p>\n<p>A coletiva Desenharq: Express\u00f5es Art\u00edsticas de Futuros Arquitetos, de alunos arquitetos e urbanistas da Faculdade Granbery est\u00e3o em exposi\u00e7\u00e3o no CCBM.<\/p>\n<p>O Jardim Bot\u00e2nico de Juiz de Fora assegura mostra permanente com retratos dos artistas da natureza. Em destaque, as aquarelas de Raphael Dutra sobre p\u00e1ssaros e plantas da regi\u00e3o.<\/p>\n<p>Para adicionar: \u201c\u00c0s vezes temos que escrever o que as pessoas realmente precisam ouvir, pois s\u00f3 isso funciona para nos fazer evoluir pessoal e profissionalmente\u201d. (Mark Manson). Bom dia.<\/p>\n<p><img loading=\"lazy\" decoding=\"async\" class=\"aligncenter size-full wp-image-137824\" src=\"https:\/\/diarioregionaldigital.com.br\/wp-content\/uploads\/2019\/04\/arte-nova.jpg\" alt=\"\" width=\"3493\" height=\"2431\" srcset=\"https:\/\/diarioregionaldigital.com.br\/wp-content\/uploads\/2019\/04\/arte-nova.jpg 3493w, https:\/\/diarioregionaldigital.com.br\/wp-content\/uploads\/2019\/04\/arte-nova-300x210.jpg 300w, https:\/\/diarioregionaldigital.com.br\/wp-content\/uploads\/2019\/04\/arte-nova-768x534.jpg 768w, https:\/\/diarioregionaldigital.com.br\/wp-content\/uploads\/2019\/04\/arte-nova-1024x713.jpg 1024w, https:\/\/diarioregionaldigital.com.br\/wp-content\/uploads\/2019\/04\/arte-nova-360x251.jpg 360w, https:\/\/diarioregionaldigital.com.br\/wp-content\/uploads\/2019\/04\/arte-nova-100x70.jpg 100w\" sizes=\"auto, (max-width: 3493px) 100vw, 3493px\" \/><\/p>\n","protected":false},"excerpt":{"rendered":"<p>Para Saber Procurando o mapa da mina, o Instituto Brasileiro de Psican\u00e1lise Din\u00e2mica de Grupo e Psicodrama, pelo quinto ano consecutivo, promove a V Jornada Cient\u00edfica. Completando 40 anos de atividade a a\u00e7\u00e3o ser\u00e1 no CES\/JF, entre os dias 2 e 4 de maio. Inscri\u00e7\u00f5es abertas. Gente Boa Antenado e disciplinado com o esporte, Luiz [&hellip;]<\/p>\n","protected":false},"author":96,"featured_media":138594,"comment_status":"closed","ping_status":"closed","sticky":false,"template":"","format":"standard","meta":{"footnotes":""},"categories":[264],"tags":[],"class_list":["post-138607","post","type-post","status-publish","format-standard","has-post-thumbnail","hentry","category-eduardo-gomes"],"_links":{"self":[{"href":"https:\/\/diarioregionaldigital.com.br\/index.php?rest_route=\/wp\/v2\/posts\/138607","targetHints":{"allow":["GET"]}}],"collection":[{"href":"https:\/\/diarioregionaldigital.com.br\/index.php?rest_route=\/wp\/v2\/posts"}],"about":[{"href":"https:\/\/diarioregionaldigital.com.br\/index.php?rest_route=\/wp\/v2\/types\/post"}],"author":[{"embeddable":true,"href":"https:\/\/diarioregionaldigital.com.br\/index.php?rest_route=\/wp\/v2\/users\/96"}],"replies":[{"embeddable":true,"href":"https:\/\/diarioregionaldigital.com.br\/index.php?rest_route=%2Fwp%2Fv2%2Fcomments&post=138607"}],"version-history":[{"count":0,"href":"https:\/\/diarioregionaldigital.com.br\/index.php?rest_route=\/wp\/v2\/posts\/138607\/revisions"}],"wp:featuredmedia":[{"embeddable":true,"href":"https:\/\/diarioregionaldigital.com.br\/index.php?rest_route=\/wp\/v2\/media\/138594"}],"wp:attachment":[{"href":"https:\/\/diarioregionaldigital.com.br\/index.php?rest_route=%2Fwp%2Fv2%2Fmedia&parent=138607"}],"wp:term":[{"taxonomy":"category","embeddable":true,"href":"https:\/\/diarioregionaldigital.com.br\/index.php?rest_route=%2Fwp%2Fv2%2Fcategories&post=138607"},{"taxonomy":"post_tag","embeddable":true,"href":"https:\/\/diarioregionaldigital.com.br\/index.php?rest_route=%2Fwp%2Fv2%2Ftags&post=138607"}],"curies":[{"name":"wp","href":"https:\/\/api.w.org\/{rel}","templated":true}]}}