{"id":138580,"date":"2019-04-21T06:17:16","date_gmt":"2019-04-21T09:17:16","guid":{"rendered":"https:\/\/diarioregionaldigital.com.br\/?p=138580"},"modified":"2019-04-18T19:36:37","modified_gmt":"2019-04-18T22:36:37","slug":"especialista-da-dicas-de-como-os-pais-podem-evitar-ciumes-entre-irmaos","status":"publish","type":"post","link":"https:\/\/diarioregionaldigital.com.br\/?p=138580","title":{"rendered":"Especialista d\u00e1 dicas de como os pais podem evitar ci\u00fames entre irm\u00e3os"},"content":{"rendered":"<p>\u00c9 normal que o primog\u00eanito, ao receber a not\u00edcia de que vai ter um irm\u00e3o, demonstre insatisfa\u00e7\u00e3o, ci\u00fames ou frustra\u00e7\u00e3o com a novidade. Pensando nisso, levamos algumas d\u00favidas para a psic\u00f3loga e mestre em psicologia, Isabela Fernandes, para que possa ajudar nas d\u00favidas e tentar ajudar aos pais que est\u00e3o enfrentando situa\u00e7\u00f5es parecidas.<\/p>\n<p><strong>Existe uma idade\/tempo certo para ter um segundo filho? <\/strong><\/p>\n<p>\u201cN\u00e3o existe uma f\u00f3rmula m\u00e1gica, pr\u00e9-determinada, para quem quer ter um segundo filho.O importante \u00e9 que seja assegurado o desenvolvimento saud\u00e1vel das crian\u00e7as.\u00c9 importante que os pais tenham tamb\u00e9m uma disposi\u00e7\u00e3o f\u00edsica, emocional, financeira, al\u00e9m do tempo para dedicar aos filhos.<\/p>\n<p>Em tese, o ideal \u00e9 ter outro filho, com uma diferen\u00e7a de 2 h\u00e1 4 anos do primeiro. Ter um segundo filho com um tempo inferior de 2 anos da gesta\u00e7\u00e3o anterior fica complicado por quest\u00f5es fisiol\u00f3gicas, pois a m\u00e3e pode ainda n\u00e3o ter se recuperado do parto. E ter outra gest\u00e3o acima de 4 anos gera uma possibilidade muito grande dos pais jogarem a responsabilidade para o filho anterior, em cuidar do irm\u00e3o mais novo, possibilitando o v\u00ednculo de cuidador e n\u00e3o de irm\u00e3o. \u201cMas como disse, n\u00e3o existe uma receita certa, isso depender\u00e1 de cada fam\u00edlia.\u201d<\/p>\n<p><strong>A crian\u00e7a ao saber da not\u00edcia de um novo irm\u00e3ozinho pode ficar feliz no momento,mas ap\u00f3s o nascimento, a crian\u00e7a mais velha pode ter ci\u00fames do irm\u00e3o que acabou de nascer. Este tipo de situa\u00e7\u00e3o \u00e9 normal?<\/strong><\/p>\n<p>\u201c\u00c9 normal. O sentimento de um irm\u00e3o, quando recebe a not\u00edcia de outro irm\u00e3ozinho, \u00e9 muito ambivalente, uma hora ele gosta e outra hora ele detesta, e o ci\u00fame acaba fazendo parte deste processo.<\/p>\n<p>Quando o filho mais velho recebe essa not\u00edcia, a tend\u00eancia \u00e9 que ele receba de forma positiva, pois \u00e9 uma novidade, algo que a crian\u00e7a vai idealizando em sua cabecinha como deve ser o irm\u00e3ozinho.<\/p>\n<p>Mas quando nasce o beb\u00ea, a crian\u00e7a come\u00e7a a perceber que come\u00e7a a perder alguns privil\u00e9gios e ter que compartilhar coisas que antes era somente dele, isso vai gerando um desconforto, ou at\u00e9 mesmo um sentimento de raiva, podendo gerar uma competi\u00e7\u00e3o por parte do irm\u00e3o mais velho\u201d.<\/p>\n<p><strong>\u00c9 comum o mais novo ter ci\u00fame do mais velho? O ci\u00fame \u00e9 mais comum pelo irm\u00e3o mais novo ou pelo mais velho? <\/strong><\/p>\n<p>\u201cO irm\u00e3o mais novo pode ter sim ci\u00fame do mais velho, mas essa situa\u00e7\u00e3o \u00e9 menos comum. Quando existe essa situa\u00e7\u00e3o, ela ocorre geralmente quando os irm\u00e3os est\u00e3o mais velhos, na situa\u00e7\u00e3o que o irm\u00e3o mais velho tem um maior destaque ou uma maior valoriza\u00e7\u00e3o por parte dos pais.\u201d<\/p>\n<p><strong>Como os pais conseguem evitar o ci\u00fame entre os irm\u00e3os? <\/strong><\/p>\n<p>\u201c\u00c9 importante que os pais n\u00e3o escondam dos filhos a not\u00edcia de uma nova gesta\u00e7\u00e3o. Os pais devem ser sempre transparentes e incluir seus filhos nas atividades que est\u00e3o sendo realizadas para a chegada de um novo beb\u00ea, por exemplo, na montagem do quarto, na escolha do enxoval, no momento que for realizar a ultrassom, entre outros momentos.<\/p>\n<p>Nos dois casos de ci\u00fames, tanto do mais velho com o mais novo, ou ao contr\u00e1rio, o di\u00e1logo \u00e9 sempre importante, pois as crian\u00e7as t\u00eam sempre muitas ideias fantasiosas em rela\u00e7\u00e3o as circunst\u00e2ncias. Com os pais esclarecendo isso, os filhos ter\u00e3o contato com a realidade de uma forma mais palp\u00e1vel, diminuindo o desconforto.<\/p>\n<p>Embora um beb\u00ea demande um maior tempo de aten\u00e7\u00e3o, \u00e9 fundamental que os pais reservem tempo exclusivo para ficar com seus filhos, para evitar uma rivalidade de qualquer uma das partes. E quando existir o ci\u00fame, tente tratar de uma forma mais natural poss\u00edvel, evitando um enfoque maior.<\/p>\n<p>O di\u00e1logo com os filhos \u00e9 um dos primeiros passos para n\u00e3o haver ou evitar o ci\u00fame entre os irm\u00e3os.<\/p>\n<p>\u00c9 importante colocar um limite nas situa\u00e7\u00f5es, deixando-o bem claro para as crian\u00e7as. Mostre para o filho mais velho que o irm\u00e3o mais novo chegou para ter um espa\u00e7o dentro da din\u00e2mica familiar, fa\u00e7a com que ele entenda que ele ter\u00e1 que abrir m\u00e3o de algumas coisas, mas que ganhar\u00e1 outras mais importantes.\u201d<\/p>\n<p><strong>Esse ci\u00fame pode interferir no desenvolvimento da crian\u00e7a? De qual forma? E na vida adulta? <\/strong><\/p>\n<p>\u201cNa inf\u00e2ncia \u00e9 muito comum que o ci\u00fame gere a ansiedade, a inseguran\u00e7a e irritabilidade. Isso pode se manifestar de forma muito ambivalente, onde a crian\u00e7a pode passar ater muito medo, ou se mostrar mais agressiva. Para a crian\u00e7a isso \u00e9 um conflito cognitivo que ela precisa resolver para poder avan\u00e7ar isso de uma forma positiva. Ent\u00e3o, o ci\u00fame tem que ser trabalhado e superado, para que a crian\u00e7a n\u00e3o carregue essa inseguran\u00e7a para a vida adulta.\u201d<\/p>\n<p><strong>Quais os sinais de alerta do ci\u00fame? <\/strong><\/p>\n<p>\u201cQuando os filhos partem para a viol\u00eancia, que bate no irm\u00e3o mais novo, ou que expressam com frases \u2013 eu n\u00e3o gosto do meu irm\u00e3o \u2013 ou \u2013eu quero que voc\u00eas devolvam ele \u2013 este tipo de express\u00f5es negativas, s\u00e3o sinais de alertas para que os pais fiquem de olho e procurem uma ajuda de um especialista.<\/p>\n<p>Outros sintomas que merecem serem observados, s\u00e3o os de regress\u00e3o, quando a crian\u00e7a parou de usar chupeta e volta a usar, ou quando a crian\u00e7a tenha parado de fazer xixi na cal\u00e7a e volta com essa atitude, ou quando a crian\u00e7a n\u00e3o quer mais interagir com outras crian\u00e7as, se isolando, ou quando reagem \u00e0 vinda de um novo irm\u00e3o de forma como nada estivesse mudando. Essas situa\u00e7\u00f5es s\u00e3o sinais de alertas para os pais, que merecem observar mais seus filhos e procurarem um especialista.\u201d<\/p>\n","protected":false},"excerpt":{"rendered":"<p>\u00c9 normal que o primog\u00eanito, ao receber a not\u00edcia de que vai ter um irm\u00e3o, demonstre insatisfa\u00e7\u00e3o, ci\u00fames ou frustra\u00e7\u00e3o com a novidade. Pensando nisso, levamos algumas d\u00favidas para a psic\u00f3loga e mestre em psicologia, Isabela Fernandes, para que possa ajudar nas d\u00favidas e tentar ajudar aos pais que est\u00e3o enfrentando situa\u00e7\u00f5es parecidas. Existe uma [&hellip;]<\/p>\n","protected":false},"author":96,"featured_media":138581,"comment_status":"closed","ping_status":"closed","sticky":false,"template":"","format":"standard","meta":{"footnotes":""},"categories":[253,436,440,262,439],"tags":[],"class_list":["post-138580","post","type-post","status-publish","format-standard","has-post-thumbnail","hentry","category-cidade","category-destaque-da-semana","category-destaques-do-dia","category-noticias","category-ultima-hora"],"_links":{"self":[{"href":"https:\/\/diarioregionaldigital.com.br\/index.php?rest_route=\/wp\/v2\/posts\/138580","targetHints":{"allow":["GET"]}}],"collection":[{"href":"https:\/\/diarioregionaldigital.com.br\/index.php?rest_route=\/wp\/v2\/posts"}],"about":[{"href":"https:\/\/diarioregionaldigital.com.br\/index.php?rest_route=\/wp\/v2\/types\/post"}],"author":[{"embeddable":true,"href":"https:\/\/diarioregionaldigital.com.br\/index.php?rest_route=\/wp\/v2\/users\/96"}],"replies":[{"embeddable":true,"href":"https:\/\/diarioregionaldigital.com.br\/index.php?rest_route=%2Fwp%2Fv2%2Fcomments&post=138580"}],"version-history":[{"count":0,"href":"https:\/\/diarioregionaldigital.com.br\/index.php?rest_route=\/wp\/v2\/posts\/138580\/revisions"}],"wp:featuredmedia":[{"embeddable":true,"href":"https:\/\/diarioregionaldigital.com.br\/index.php?rest_route=\/wp\/v2\/media\/138581"}],"wp:attachment":[{"href":"https:\/\/diarioregionaldigital.com.br\/index.php?rest_route=%2Fwp%2Fv2%2Fmedia&parent=138580"}],"wp:term":[{"taxonomy":"category","embeddable":true,"href":"https:\/\/diarioregionaldigital.com.br\/index.php?rest_route=%2Fwp%2Fv2%2Fcategories&post=138580"},{"taxonomy":"post_tag","embeddable":true,"href":"https:\/\/diarioregionaldigital.com.br\/index.php?rest_route=%2Fwp%2Fv2%2Ftags&post=138580"}],"curies":[{"name":"wp","href":"https:\/\/api.w.org\/{rel}","templated":true}]}}