{"id":138566,"date":"2019-04-18T17:59:17","date_gmt":"2019-04-18T20:59:17","guid":{"rendered":"https:\/\/diarioregionaldigital.com.br\/?p=138566"},"modified":"2019-04-18T18:25:34","modified_gmt":"2019-04-18T21:25:34","slug":"enem-divulgado-o-resultado-das-solicitacoes-de-isencao-da-taxa-de-inscricao-do-exame","status":"publish","type":"post","link":"https:\/\/diarioregionaldigital.com.br\/?p=138566","title":{"rendered":"ENEM: divulgado o resultado das solicita\u00e7\u00f5es de isen\u00e7\u00e3o da taxa de inscri\u00e7\u00e3o do exame"},"content":{"rendered":"<p>Os candidatos que solicitaram a isen\u00e7\u00e3o da taxa de inscri\u00e7\u00e3o do Exame Nacional do Ensino M\u00e9dio (ENEM) j\u00e1 podem conferir o resultado. O resultado est\u00e1 dispon\u00edvel desde a \u00faltima quarta-feira, 17, na P\u00e1gina do Participante no site do Inep &#8211; Instituto Nacional de Estudos e Pesquisas Educacionais An\u00edsio Teixeira. Este ano, a taxa do exame \u00e9 de R$ 85,00.<\/p>\n<p>No total, segundo o Inep, 3.687.527 de participantes solicitaram a isen\u00e7\u00e3o da taxa de inscri\u00e7\u00e3o do Enem 2019. Aqueles que tiveram a solicita\u00e7\u00e3o de isen\u00e7\u00e3o negada podem solicitar recurso por meio do\u00a0Sistema Enem, dispon\u00edvel na internet. O participante dever\u00e1 enviar documenta\u00e7\u00e3o espec\u00edfica, de acordo com o anexo III do Edital, do dia 22 a 26 de abril. O resultado deste recurso ser\u00e1 divulgado, no mesmo endere\u00e7o, a partir do dia 2 de maio.<\/p>\n<p>Os candidatos que foram isentos da taxa de inscri\u00e7\u00e3o no Enem 2018 e n\u00e3o compareceram nos dois dias de prova e precisaram justificar a aus\u00eancia para solicitar a isen\u00e7\u00e3o em 2019, tamb\u00e9m j\u00e1 podem conferir os resultados.<\/p>\n<p>T\u00eam direito a isen\u00e7\u00e3o os estudantes que est\u00e3o cursando a \u00faltima s\u00e9rie do ensino m\u00e9dio em 2019, em escola da rede p\u00fablica; aqueles que cursaram todo o ensino m\u00e9dio em escola da rede p\u00fablica ou como bolsista integral na rede privada, com renda, por pessoa, igual ou menor que um sal\u00e1rio m\u00ednimo e meio.Al\u00e9m desses, candidatos em situa\u00e7\u00e3o de vulnerabilidade socioecon\u00f4mica, ou seja, membros de fam\u00edlia de baixa renda com N\u00famero de Identifica\u00e7\u00e3o Social (NIS), \u00fanico e v\u00e1lido, renda familiar por pessoa de at\u00e9 meio sal\u00e1rio m\u00ednimo, ou R$ R$ 499, ou renda familiar mensal de at\u00e9 tr\u00eas sal\u00e1rios m\u00ednimos, ou R$ 2.994, tamb\u00e9m s\u00e3o isentos.<\/p>\n<p>A aprova\u00e7\u00e3o da isen\u00e7\u00e3o da taxa de inscri\u00e7\u00e3o n\u00e3o significa que o participante est\u00e1 inscrito no Enem 2019.\u00a0Sendo assim, todos os interessados, isentos ou n\u00e3o, devem realizar inscri\u00e7\u00e3o.<\/p>\n<p>&nbsp;<\/p>\n<p><strong>ENEM 2019<\/strong><\/p>\n<p>As inscri\u00e7\u00f5es para o Enem dever\u00e3o ser feitas de 6 a 17 de maio. No per\u00edodo de 6 a 23 de maio, os participantes devem realizar o pagamento da taxa de inscri\u00e7\u00e3o. J\u00e1 entre os dias 20 a 24, deve ser solicitado o Atendimento pelo Nome Social<\/p>\n<p>As provas v\u00e3o ser aplicadas nos dias 3 e 10 de novembro.<\/p>\n<p>&nbsp;<\/p>\n","protected":false},"excerpt":{"rendered":"<p>Os candidatos que solicitaram a isen\u00e7\u00e3o da taxa de inscri\u00e7\u00e3o do Exame Nacional do Ensino M\u00e9dio (ENEM) j\u00e1 podem conferir o resultado. O resultado est\u00e1 dispon\u00edvel desde a \u00faltima quarta-feira, 17, na P\u00e1gina do Participante no site do Inep &#8211; Instituto Nacional de Estudos e Pesquisas Educacionais An\u00edsio Teixeira. Este ano, a taxa do exame [&hellip;]<\/p>\n","protected":false},"author":96,"featured_media":138567,"comment_status":"closed","ping_status":"closed","sticky":false,"template":"","format":"standard","meta":{"footnotes":""},"categories":[253,436,440,439],"tags":[],"class_list":["post-138566","post","type-post","status-publish","format-standard","has-post-thumbnail","hentry","category-cidade","category-destaque-da-semana","category-destaques-do-dia","category-ultima-hora"],"_links":{"self":[{"href":"https:\/\/diarioregionaldigital.com.br\/index.php?rest_route=\/wp\/v2\/posts\/138566","targetHints":{"allow":["GET"]}}],"collection":[{"href":"https:\/\/diarioregionaldigital.com.br\/index.php?rest_route=\/wp\/v2\/posts"}],"about":[{"href":"https:\/\/diarioregionaldigital.com.br\/index.php?rest_route=\/wp\/v2\/types\/post"}],"author":[{"embeddable":true,"href":"https:\/\/diarioregionaldigital.com.br\/index.php?rest_route=\/wp\/v2\/users\/96"}],"replies":[{"embeddable":true,"href":"https:\/\/diarioregionaldigital.com.br\/index.php?rest_route=%2Fwp%2Fv2%2Fcomments&post=138566"}],"version-history":[{"count":0,"href":"https:\/\/diarioregionaldigital.com.br\/index.php?rest_route=\/wp\/v2\/posts\/138566\/revisions"}],"wp:featuredmedia":[{"embeddable":true,"href":"https:\/\/diarioregionaldigital.com.br\/index.php?rest_route=\/wp\/v2\/media\/138567"}],"wp:attachment":[{"href":"https:\/\/diarioregionaldigital.com.br\/index.php?rest_route=%2Fwp%2Fv2%2Fmedia&parent=138566"}],"wp:term":[{"taxonomy":"category","embeddable":true,"href":"https:\/\/diarioregionaldigital.com.br\/index.php?rest_route=%2Fwp%2Fv2%2Fcategories&post=138566"},{"taxonomy":"post_tag","embeddable":true,"href":"https:\/\/diarioregionaldigital.com.br\/index.php?rest_route=%2Fwp%2Fv2%2Ftags&post=138566"}],"curies":[{"name":"wp","href":"https:\/\/api.w.org\/{rel}","templated":true}]}}