{"id":138563,"date":"2019-04-18T18:24:15","date_gmt":"2019-04-18T21:24:15","guid":{"rendered":"https:\/\/diarioregionaldigital.com.br\/?p=138563"},"modified":"2019-04-18T18:24:15","modified_gmt":"2019-04-18T21:24:15","slug":"primeiro-evento-de-adocao-de-animais-especiais-do-canil-municipal-garante-novo-lar-para-19-animais","status":"publish","type":"post","link":"https:\/\/diarioregionaldigital.com.br\/?p=138563","title":{"rendered":"Primeiro evento de ado\u00e7\u00e3o de animais especiais do Canil Municipal garante novo lar para 19 animais"},"content":{"rendered":"<p>O primeiro evento de ado\u00e7\u00e3o de animais especiais de 2019 realizado pelo Departamento de Limpeza Urbana (Demlurb), atrav\u00e9s do Departamento de Controle Animal (Dcan), no Parque Halfeld, garantiu a ado\u00e7\u00e3o de 19 animaizinhos. O evento, realizado no \u00faltimo s\u00e1bado, 13, contou com 14 c\u00e3es especiais e 11 gatos dispon\u00edveis para ado\u00e7\u00e3o.<\/p>\n<p>De acordo com as informa\u00e7\u00f5es da PJF, todos os gatos e oito c\u00e3es foram adotados.<\/p>\n","protected":false},"excerpt":{"rendered":"<p>O primeiro evento de ado\u00e7\u00e3o de animais especiais de 2019 realizado pelo Departamento de Limpeza Urbana (Demlurb), atrav\u00e9s do Departamento de Controle Animal (Dcan), no Parque Halfeld, garantiu a ado\u00e7\u00e3o de 19 animaizinhos. O evento, realizado no \u00faltimo s\u00e1bado, 13, contou com 14 c\u00e3es especiais e 11 gatos dispon\u00edveis para ado\u00e7\u00e3o. De acordo com as [&hellip;]<\/p>\n","protected":false},"author":96,"featured_media":138564,"comment_status":"closed","ping_status":"closed","sticky":false,"template":"","format":"standard","meta":{"footnotes":""},"categories":[253,436,439],"tags":[],"class_list":["post-138563","post","type-post","status-publish","format-standard","has-post-thumbnail","hentry","category-cidade","category-destaque-da-semana","category-ultima-hora"],"_links":{"self":[{"href":"https:\/\/diarioregionaldigital.com.br\/index.php?rest_route=\/wp\/v2\/posts\/138563","targetHints":{"allow":["GET"]}}],"collection":[{"href":"https:\/\/diarioregionaldigital.com.br\/index.php?rest_route=\/wp\/v2\/posts"}],"about":[{"href":"https:\/\/diarioregionaldigital.com.br\/index.php?rest_route=\/wp\/v2\/types\/post"}],"author":[{"embeddable":true,"href":"https:\/\/diarioregionaldigital.com.br\/index.php?rest_route=\/wp\/v2\/users\/96"}],"replies":[{"embeddable":true,"href":"https:\/\/diarioregionaldigital.com.br\/index.php?rest_route=%2Fwp%2Fv2%2Fcomments&post=138563"}],"version-history":[{"count":0,"href":"https:\/\/diarioregionaldigital.com.br\/index.php?rest_route=\/wp\/v2\/posts\/138563\/revisions"}],"wp:featuredmedia":[{"embeddable":true,"href":"https:\/\/diarioregionaldigital.com.br\/index.php?rest_route=\/wp\/v2\/media\/138564"}],"wp:attachment":[{"href":"https:\/\/diarioregionaldigital.com.br\/index.php?rest_route=%2Fwp%2Fv2%2Fmedia&parent=138563"}],"wp:term":[{"taxonomy":"category","embeddable":true,"href":"https:\/\/diarioregionaldigital.com.br\/index.php?rest_route=%2Fwp%2Fv2%2Fcategories&post=138563"},{"taxonomy":"post_tag","embeddable":true,"href":"https:\/\/diarioregionaldigital.com.br\/index.php?rest_route=%2Fwp%2Fv2%2Ftags&post=138563"}],"curies":[{"name":"wp","href":"https:\/\/api.w.org\/{rel}","templated":true}]}}