{"id":138560,"date":"2019-04-18T18:23:01","date_gmt":"2019-04-18T21:23:01","guid":{"rendered":"https:\/\/diarioregionaldigital.com.br\/?p=138560"},"modified":"2019-04-18T18:23:01","modified_gmt":"2019-04-18T21:23:01","slug":"pjf-inicia-campanha-contra-o-vandalismo-e-pelo-bom-uso-dos-espacos-publicos","status":"publish","type":"post","link":"https:\/\/diarioregionaldigital.com.br\/?p=138560","title":{"rendered":"PJF inicia campanha contra o vandalismo e pelo bom uso dos espa\u00e7os p\u00fablicos"},"content":{"rendered":"<p>No momento em que a Secretaria de Comunica\u00e7\u00e3o P\u00fablica (Secom) da Prefeitura de Juiz de Fora (PJF) lan\u00e7a a Campanha \u201cEu cuido de JF \u2013 Se \u00e9 p\u00fablico, tamb\u00e9m \u00e9 seu\u201d, Juiz de Fora amanheceu esta quarta-feira, 17, com 35 lixeiras, que foram instaladas pelo Demlurb, na \u00faltima semana, em diversos pontos de \u00f4nibus da Avenida Rio Branco, vandalizadas. O preju\u00edzo ainda foi duplo, porque al\u00e9m de retirarem os adesivos das caixas coletoras, os autores, ainda n\u00e3o identificados, colaram o material nos vidros dos pontos de \u00f4nibus, em um duplo ato de vandalismo.<\/p>\n<p>Uma equipe do Demlurb est\u00e1 trabalhando na remo\u00e7\u00e3o dos adesivos e da cola que ficou nos vidros dos abrigos, sendo necess\u00e1rio o uso de solvente para a limpeza completa. O servi\u00e7o \u00e9 minucioso e ainda n\u00e3o tem prazo para ser conclu\u00eddo. \u201cTamb\u00e9m realizamos a higieniza\u00e7\u00e3o completa de todos os pontos de \u00f4nibus da Avenida Rio Branco nos dias 8 e 10 deste m\u00eas, inclusive, com a remo\u00e7\u00e3o de a\u00e7\u00f5es de vandalismo. O Demlurb est\u00e1 trabalhando incansavelmente para manter a cidade limpa, mas, a popula\u00e7\u00e3o precisa fazer a sua parte\u201d, ressalta o diretor Operacional do Demlurb, Tiago Rocha.<\/p>\n<p>&nbsp;<\/p>\n<p><strong>Campanha conscientiza sobre o vandalismo e a import\u00e2ncia do bom uso do espa\u00e7o p\u00fablico<\/strong><\/p>\n<p>A campanha realizada pelo Departamento de Marketing da Secom tem como objetivo conscientizar a popula\u00e7\u00e3o quanto \u00e0 necessidade do melhor uso de espa\u00e7os p\u00fablicos, promovendo a diminui\u00e7\u00e3o do vandalismo, do descarte irregular de lixo e entulho, entre outros problemas urbanos que afetam o dia a dia da cidade, incomodam a popula\u00e7\u00e3o e ainda geram custos para o munic\u00edpio. No \u00faltimo ano, por exemplo, o Departamento Municipal de Limpeza Urbana (Demlurb) gastou mais de R$ 1,3 milh\u00e3o na limpeza di\u00e1ria dos bota-fora irregulares.<\/p>\n<p>Pelas ruas da cidade, outra situa\u00e7\u00e3o chama aten\u00e7\u00e3o: o furto e a destrui\u00e7\u00e3o de lixeiras. A cada dois dias, uma caixa coletora precisa ser reposta, gerando um custo de R$ 24 mil ao ano. Os recursos poderiam ser aplicados em melhorias no servi\u00e7o de limpeza urbana, coleta, capina, varri\u00e7\u00e3o e aten\u00e7\u00e3o ao Canil Municipal, entre diversas outras a\u00e7\u00f5es que beneficiariam toda a cidade, mas acabam sendo utilizados na corre\u00e7\u00e3o de problemas. Outros setores tamb\u00e9m s\u00e3o afetados. A PJF teve que investir, em um ano, cerca de R$ 160 mil na recupera\u00e7\u00e3o de ilumina\u00e7\u00e3o p\u00fablica em locais onde a fia\u00e7\u00e3o el\u00e9trica foi furtada.<\/p>\n<p>O prefeito Ant\u00f4nio Almas ressalta que a inten\u00e7\u00e3o \u00e9 alertar as pessoas para um problema vis\u00edvel, que afeta a qualidade de vida da popula\u00e7\u00e3o como um todo e \u00e9 frequente. \u201cInfelizmente, algumas pessoas agem como se o que \u00e9 p\u00fablico n\u00e3o lhes pertencesse ou n\u00e3o fosse de ningu\u00e9m. Mas, na verdade, o que \u00e9 p\u00fablico \u00e9 de todos. Se entendermos que a cidade \u00e9 nossa e cuidarmos dela, em pouco tempo veremos diferen\u00e7a. \u00c9 uma mudan\u00e7a comportamental que traz benef\u00edcios a todos\u201d.<\/p>\n<p>&nbsp;<\/p>\n<p><strong>Dinheiro p\u00fablico<\/strong><\/p>\n<p>Outra situa\u00e7\u00e3o corriqueira \u00e9 o excesso de lixo descartado no ch\u00e3o. Todos os dias, somente no Centro, o Demlurb recolhe quatro toneladas de detritos descartados pela popula\u00e7\u00e3o em plena via p\u00fablica. Tamb\u00e9m assustam a quantidade de picha\u00e7\u00f5es pela cidade, o roubo e a depreda\u00e7\u00e3o de placas de tr\u00e2nsito, ampliando os riscos para quem trafega, entre diversas outras quest\u00f5es que ser\u00e3o abordadas ao longo da campanha, conforme explica o secret\u00e1rio de Comunica\u00e7\u00e3o P\u00fablica, Michael Guedes. \u2018Vamos mostrar o quanto \u00e9 desperdi\u00e7ado em tempo, dinheiro e servi\u00e7o e como tudo poderia ser melhor aproveitado com pequenas atitudes de todos.\u201d<\/p>\n<p>Fonte: PJF<\/p>\n","protected":false},"excerpt":{"rendered":"<p>No momento em que a Secretaria de Comunica\u00e7\u00e3o P\u00fablica (Secom) da Prefeitura de Juiz de Fora (PJF) lan\u00e7a a Campanha \u201cEu cuido de JF \u2013 Se \u00e9 p\u00fablico, tamb\u00e9m \u00e9 seu\u201d, Juiz de Fora amanheceu esta quarta-feira, 17, com 35 lixeiras, que foram instaladas pelo Demlurb, na \u00faltima semana, em diversos pontos de \u00f4nibus da [&hellip;]<\/p>\n","protected":false},"author":96,"featured_media":138561,"comment_status":"closed","ping_status":"closed","sticky":false,"template":"","format":"standard","meta":{"footnotes":""},"categories":[253,436,439],"tags":[],"class_list":["post-138560","post","type-post","status-publish","format-standard","has-post-thumbnail","hentry","category-cidade","category-destaque-da-semana","category-ultima-hora"],"_links":{"self":[{"href":"https:\/\/diarioregionaldigital.com.br\/index.php?rest_route=\/wp\/v2\/posts\/138560","targetHints":{"allow":["GET"]}}],"collection":[{"href":"https:\/\/diarioregionaldigital.com.br\/index.php?rest_route=\/wp\/v2\/posts"}],"about":[{"href":"https:\/\/diarioregionaldigital.com.br\/index.php?rest_route=\/wp\/v2\/types\/post"}],"author":[{"embeddable":true,"href":"https:\/\/diarioregionaldigital.com.br\/index.php?rest_route=\/wp\/v2\/users\/96"}],"replies":[{"embeddable":true,"href":"https:\/\/diarioregionaldigital.com.br\/index.php?rest_route=%2Fwp%2Fv2%2Fcomments&post=138560"}],"version-history":[{"count":0,"href":"https:\/\/diarioregionaldigital.com.br\/index.php?rest_route=\/wp\/v2\/posts\/138560\/revisions"}],"wp:featuredmedia":[{"embeddable":true,"href":"https:\/\/diarioregionaldigital.com.br\/index.php?rest_route=\/wp\/v2\/media\/138561"}],"wp:attachment":[{"href":"https:\/\/diarioregionaldigital.com.br\/index.php?rest_route=%2Fwp%2Fv2%2Fmedia&parent=138560"}],"wp:term":[{"taxonomy":"category","embeddable":true,"href":"https:\/\/diarioregionaldigital.com.br\/index.php?rest_route=%2Fwp%2Fv2%2Fcategories&post=138560"},{"taxonomy":"post_tag","embeddable":true,"href":"https:\/\/diarioregionaldigital.com.br\/index.php?rest_route=%2Fwp%2Fv2%2Ftags&post=138560"}],"curies":[{"name":"wp","href":"https:\/\/api.w.org\/{rel}","templated":true}]}}