{"id":138548,"date":"2019-04-21T06:00:21","date_gmt":"2019-04-21T09:00:21","guid":{"rendered":"https:\/\/diarioregionaldigital.com.br\/?p=138548"},"modified":"2019-04-18T17:40:46","modified_gmt":"2019-04-18T20:40:46","slug":"nao-tem-nada-fora-do-que-poderiamos-esperar-diz-onyx-sobre-reforma","status":"publish","type":"post","link":"https:\/\/diarioregionaldigital.com.br\/?p=138548","title":{"rendered":"&#8220;N\u00e3o tem nada fora do que poder\u00edamos esperar&#8221;, diz Onyx sobre reforma"},"content":{"rendered":"<p>O ministro-chefe da Casa Civil, OnyxLorenzoni,\u00a0minimizou o adiamento para a pr\u00f3xima\u00a0ter\u00e7a-feira, 23, da vota\u00e7\u00e3o do relat\u00f3rio sobre a admissibilidade da proposta de emenda constitucional da reforma da Previd\u00eancia (PEC 06\/2019) na Comiss\u00e3o de Constitui\u00e7\u00e3o e Justi\u00e7a e de Cidadania (CCJ) da C\u00e2mara dos Deputados.<\/p>\n<p>\u201cO que n\u00f3s estamos assistindo na CCJ \u00e9 normal n\u00e3o tem nada fora do que poder\u00edamos esperar\u201d, disse. \u201cO Parlamento tem que cumprir o seu papel. O Parlamento tem as mais variadas correntes de pensamento que \u00e9 a express\u00e3o da sociedade\u201d, ressaltou. \u201cN\u00f3s continuamos acreditando, at\u00e9 porque temos dialogado com os partidos e com as bancadas\u201d, frisou ap\u00f3s a apresenta\u00e7\u00e3o da Cantata de P\u00e1scoa no Pal\u00e1cio do Planalto.<\/p>\n<p>\u201cN\u00f3s daqui a quatro ou cinco dias teremos vota\u00e7\u00e3o na CCJ. Seguramente, a nova Previd\u00eancia sair\u00e1 de l\u00e1, verificada a juridicidade, a constitucionalidade e a boa t\u00e9cnica legislativa. E depois n\u00f3s vamos\u00a0ter\u00a0um longo per\u00edodo onde vamos\u00a0ter\u00a0centenas ou mais de um milhar de emendas na comiss\u00e3o especial\u201d, previu.<\/p>\n<p>O ministro disse desconhecer a iniciativa do relator da PEC, Delegado Marcelo Freitas (PSL-MG), de\u00a0ter\u00a0elaborado quatro vers\u00f5es de parecer \u2013 um deles defendendo a inadmissibilidade da proposta. \u201cN\u00e3o conversei com relator. Isso n\u00e3o \u00e9 algo que caiba ao governo, isso cabe ao Parlamento\u201d, declarou.<\/p>\n<p>\u201cO relator dialoga com bancadas, com pensamentos antag\u00f4nicos, com posicionamentos como por exemplo os da oposi\u00e7\u00e3o. Faz parte do papel dele. Agora, na hora do vamos ver, afinal, vai estar l\u00e1 o que tem que estar e a vit\u00f3ria vai vir\u201d, garantiu.<\/p>\n<p>Onyx defendeu postura de transig\u00eancia com o Congresso Nacional. \u201cN\u00f3s temos que\u00a0ter\u00a0muita paci\u00eancia, a famosa resili\u00eancia e o di\u00e1logo \u2013 que \u00e9 como o governo tem constru\u00eddo todas as rela\u00e7\u00f5es\u201d, ponderou. \u201c\u00c9 claro que um projeto da complexidade da nova Previd\u00eancia toca em modifica\u00e7\u00f5es importantes, sem tirar o direito de ningu\u00e9m, garantindo o direito a todos\u201d, assegurou.<\/p>\n<p>Segundo o ministro, ap\u00f3s a aprova\u00e7\u00e3o do parecer na CCJ, \u201cvai se abrir um debate que vai durar 40 a 50 dias [na comiss\u00e3o especial]. E vai ser com a mesma intensidade de agora. Isso \u00e9 natural. N\u00f3s temos que\u00a0ter\u00a0di\u00e1logo e paci\u00eancia que \u00e9 um bin\u00f4mio que o presidente Bolsonaro reitera\u201d.<\/p>\n<p>&nbsp;<\/p>\n<p>Fonte: Ag\u00eancia Brasil<\/p>\n","protected":false},"excerpt":{"rendered":"<p>O ministro-chefe da Casa Civil, OnyxLorenzoni,\u00a0minimizou o adiamento para a pr\u00f3xima\u00a0ter\u00e7a-feira, 23, da vota\u00e7\u00e3o do relat\u00f3rio sobre a admissibilidade da proposta de emenda constitucional da reforma da Previd\u00eancia (PEC 06\/2019) na Comiss\u00e3o de Constitui\u00e7\u00e3o e Justi\u00e7a e de Cidadania (CCJ) da C\u00e2mara dos Deputados. \u201cO que n\u00f3s estamos assistindo na CCJ \u00e9 normal n\u00e3o tem [&hellip;]<\/p>\n","protected":false},"author":96,"featured_media":97343,"comment_status":"closed","ping_status":"closed","sticky":false,"template":"","format":"standard","meta":{"footnotes":""},"categories":[436,254,439],"tags":[],"class_list":["post-138548","post","type-post","status-publish","format-standard","has-post-thumbnail","hentry","category-destaque-da-semana","category-politica","category-ultima-hora"],"_links":{"self":[{"href":"https:\/\/diarioregionaldigital.com.br\/index.php?rest_route=\/wp\/v2\/posts\/138548","targetHints":{"allow":["GET"]}}],"collection":[{"href":"https:\/\/diarioregionaldigital.com.br\/index.php?rest_route=\/wp\/v2\/posts"}],"about":[{"href":"https:\/\/diarioregionaldigital.com.br\/index.php?rest_route=\/wp\/v2\/types\/post"}],"author":[{"embeddable":true,"href":"https:\/\/diarioregionaldigital.com.br\/index.php?rest_route=\/wp\/v2\/users\/96"}],"replies":[{"embeddable":true,"href":"https:\/\/diarioregionaldigital.com.br\/index.php?rest_route=%2Fwp%2Fv2%2Fcomments&post=138548"}],"version-history":[{"count":0,"href":"https:\/\/diarioregionaldigital.com.br\/index.php?rest_route=\/wp\/v2\/posts\/138548\/revisions"}],"wp:featuredmedia":[{"embeddable":true,"href":"https:\/\/diarioregionaldigital.com.br\/index.php?rest_route=\/wp\/v2\/media\/97343"}],"wp:attachment":[{"href":"https:\/\/diarioregionaldigital.com.br\/index.php?rest_route=%2Fwp%2Fv2%2Fmedia&parent=138548"}],"wp:term":[{"taxonomy":"category","embeddable":true,"href":"https:\/\/diarioregionaldigital.com.br\/index.php?rest_route=%2Fwp%2Fv2%2Fcategories&post=138548"},{"taxonomy":"post_tag","embeddable":true,"href":"https:\/\/diarioregionaldigital.com.br\/index.php?rest_route=%2Fwp%2Fv2%2Ftags&post=138548"}],"curies":[{"name":"wp","href":"https:\/\/api.w.org\/{rel}","templated":true}]}}