{"id":138547,"date":"2019-04-21T06:00:05","date_gmt":"2019-04-21T09:00:05","guid":{"rendered":"https:\/\/diarioregionaldigital.com.br\/?p=138547"},"modified":"2019-04-18T17:39:10","modified_gmt":"2019-04-18T20:39:10","slug":"bolsonaro-esta-na-lista-dos-100-mais-influentes-da-revista-time","status":"publish","type":"post","link":"https:\/\/diarioregionaldigital.com.br\/?p=138547","title":{"rendered":"Bolsonaro est\u00e1 na lista dos 100 mais influentes da revista Time"},"content":{"rendered":"<p>O presidente Jair Bolsonaro foi inclu\u00eddo na lista das 100 personalidades mais influentes do mundo em 2019, segundo a revista norte-americana\u00a0Time, uma das publica\u00e7\u00f5es\u00a0semanais mais relevantes do mundo. No texto que descreve o perfil do presidente, assinado pelo editor da revista, Ian Bremmer, Bolsonaro \u00e9 apontado como um &#8220;personagem\u00a0complexo&#8221;, que &#8220;representa uma ruptura brusca com uma d\u00e9cada de corrup\u00e7\u00e3o de alto n\u00edvel e a melhor chance de o Brasil implementar, em uma gera\u00e7\u00e3o, reformas\u00a0econ\u00f4micas que possam domar a d\u00edvida crescente&#8221; do pa\u00eds.<\/p>\n<p>Bolsonaro aparece na categoria &#8220;l\u00edderes&#8221;, ao lado de pol\u00edticos como o presidente dos Estados Unidos, Donald Trump, o l\u00edder chin\u00eas Xi Jinping, o\u00a0primeiro-ministro italiano Matteo Salvini e o presidente do M\u00e9xico, L\u00f3pez Obrador, al\u00e9m do papa Francisco.<\/p>\n<p>A lista dos 100 mais influentes do mundo, que inclui, al\u00e9m de pol\u00edticos, artistas, empres\u00e1rios e esportistas, n\u00e3o estabelece uma ordem de classifica\u00e7\u00e3o. Nenhum outro brasileiro aparece na lista deste ano.<\/p>\n<p>&nbsp;<\/p>\n<p>Fonte: Ag\u00eancia Brasil<\/p>\n","protected":false},"excerpt":{"rendered":"<p>O presidente Jair Bolsonaro foi inclu\u00eddo na lista das 100 personalidades mais influentes do mundo em 2019, segundo a revista norte-americana\u00a0Time, uma das publica\u00e7\u00f5es\u00a0semanais mais relevantes do mundo. No texto que descreve o perfil do presidente, assinado pelo editor da revista, Ian Bremmer, Bolsonaro \u00e9 apontado como um &#8220;personagem\u00a0complexo&#8221;, que &#8220;representa uma ruptura brusca com [&hellip;]<\/p>\n","protected":false},"author":96,"featured_media":138553,"comment_status":"closed","ping_status":"closed","sticky":false,"template":"","format":"standard","meta":{"footnotes":""},"categories":[436,254,439],"tags":[],"class_list":["post-138547","post","type-post","status-publish","format-standard","has-post-thumbnail","hentry","category-destaque-da-semana","category-politica","category-ultima-hora"],"_links":{"self":[{"href":"https:\/\/diarioregionaldigital.com.br\/index.php?rest_route=\/wp\/v2\/posts\/138547","targetHints":{"allow":["GET"]}}],"collection":[{"href":"https:\/\/diarioregionaldigital.com.br\/index.php?rest_route=\/wp\/v2\/posts"}],"about":[{"href":"https:\/\/diarioregionaldigital.com.br\/index.php?rest_route=\/wp\/v2\/types\/post"}],"author":[{"embeddable":true,"href":"https:\/\/diarioregionaldigital.com.br\/index.php?rest_route=\/wp\/v2\/users\/96"}],"replies":[{"embeddable":true,"href":"https:\/\/diarioregionaldigital.com.br\/index.php?rest_route=%2Fwp%2Fv2%2Fcomments&post=138547"}],"version-history":[{"count":0,"href":"https:\/\/diarioregionaldigital.com.br\/index.php?rest_route=\/wp\/v2\/posts\/138547\/revisions"}],"wp:featuredmedia":[{"embeddable":true,"href":"https:\/\/diarioregionaldigital.com.br\/index.php?rest_route=\/wp\/v2\/media\/138553"}],"wp:attachment":[{"href":"https:\/\/diarioregionaldigital.com.br\/index.php?rest_route=%2Fwp%2Fv2%2Fmedia&parent=138547"}],"wp:term":[{"taxonomy":"category","embeddable":true,"href":"https:\/\/diarioregionaldigital.com.br\/index.php?rest_route=%2Fwp%2Fv2%2Fcategories&post=138547"},{"taxonomy":"post_tag","embeddable":true,"href":"https:\/\/diarioregionaldigital.com.br\/index.php?rest_route=%2Fwp%2Fv2%2Ftags&post=138547"}],"curies":[{"name":"wp","href":"https:\/\/api.w.org\/{rel}","templated":true}]}}