{"id":138546,"date":"2019-04-21T06:00:02","date_gmt":"2019-04-21T09:00:02","guid":{"rendered":"https:\/\/diarioregionaldigital.com.br\/?p=138546"},"modified":"2019-04-18T17:37:19","modified_gmt":"2019-04-18T20:37:19","slug":"igp-m-acumula-inflacao-de-85-em-12-meses-diz-fgv","status":"publish","type":"post","link":"https:\/\/diarioregionaldigital.com.br\/?p=138546","title":{"rendered":"IGP-M acumula infla\u00e7\u00e3o de 8,5% em 12 meses, diz FGV"},"content":{"rendered":"<p>O \u00cdndice Geral de Pre\u00e7os &#8211; Mercado (IGP-M), usado no reajuste dos contratos de aluguel, teve infla\u00e7\u00e3o 0,78% na segunda pr\u00e9via de abril. O resultado \u00e9 inferior ao apurado no mesmo per\u00edodo do m\u00eas anterior (1,06%). Segundo a FGV, com a pr\u00e9via, o IGP-M acumula taxas de infla\u00e7\u00e3o de 2,96% no ano e de 8,5% em 12 meses.<\/p>\n<p>A queda da taxa da pr\u00e9via de mar\u00e7o para a de abril foi puxada pelos pre\u00e7os no atacado. O \u00cdndice de Pre\u00e7os ao Produtor Amplo, que mede o segmento, caiu de 1,41% em mar\u00e7o para 0,89% em abril.<\/p>\n<p>Por outro lado, o \u00cdndice de Pre\u00e7os ao Consumidor, que mede o varejo, subiu de 0,5% para 0,66%, enquanto o \u00cdndice Nacional de Custo da Constru\u00e7\u00e3o (INCC) passou de 0,11% para 0,39% no per\u00edodo.<\/p>\n<p>&nbsp;<\/p>\n<p>Fonte: Ag\u00eancia Brasil<\/p>\n","protected":false},"excerpt":{"rendered":"<p>O \u00cdndice Geral de Pre\u00e7os &#8211; Mercado (IGP-M), usado no reajuste dos contratos de aluguel, teve infla\u00e7\u00e3o 0,78% na segunda pr\u00e9via de abril. O resultado \u00e9 inferior ao apurado no mesmo per\u00edodo do m\u00eas anterior (1,06%). Segundo a FGV, com a pr\u00e9via, o IGP-M acumula taxas de infla\u00e7\u00e3o de 2,96% no ano e de 8,5% [&hellip;]<\/p>\n","protected":false},"author":96,"featured_media":138551,"comment_status":"closed","ping_status":"closed","sticky":false,"template":"","format":"standard","meta":{"footnotes":""},"categories":[436,261,439],"tags":[],"class_list":["post-138546","post","type-post","status-publish","format-standard","has-post-thumbnail","hentry","category-destaque-da-semana","category-economia","category-ultima-hora"],"_links":{"self":[{"href":"https:\/\/diarioregionaldigital.com.br\/index.php?rest_route=\/wp\/v2\/posts\/138546","targetHints":{"allow":["GET"]}}],"collection":[{"href":"https:\/\/diarioregionaldigital.com.br\/index.php?rest_route=\/wp\/v2\/posts"}],"about":[{"href":"https:\/\/diarioregionaldigital.com.br\/index.php?rest_route=\/wp\/v2\/types\/post"}],"author":[{"embeddable":true,"href":"https:\/\/diarioregionaldigital.com.br\/index.php?rest_route=\/wp\/v2\/users\/96"}],"replies":[{"embeddable":true,"href":"https:\/\/diarioregionaldigital.com.br\/index.php?rest_route=%2Fwp%2Fv2%2Fcomments&post=138546"}],"version-history":[{"count":0,"href":"https:\/\/diarioregionaldigital.com.br\/index.php?rest_route=\/wp\/v2\/posts\/138546\/revisions"}],"wp:featuredmedia":[{"embeddable":true,"href":"https:\/\/diarioregionaldigital.com.br\/index.php?rest_route=\/wp\/v2\/media\/138551"}],"wp:attachment":[{"href":"https:\/\/diarioregionaldigital.com.br\/index.php?rest_route=%2Fwp%2Fv2%2Fmedia&parent=138546"}],"wp:term":[{"taxonomy":"category","embeddable":true,"href":"https:\/\/diarioregionaldigital.com.br\/index.php?rest_route=%2Fwp%2Fv2%2Fcategories&post=138546"},{"taxonomy":"post_tag","embeddable":true,"href":"https:\/\/diarioregionaldigital.com.br\/index.php?rest_route=%2Fwp%2Fv2%2Ftags&post=138546"}],"curies":[{"name":"wp","href":"https:\/\/api.w.org\/{rel}","templated":true}]}}