{"id":138543,"date":"2019-04-21T06:00:44","date_gmt":"2019-04-21T09:00:44","guid":{"rendered":"https:\/\/diarioregionaldigital.com.br\/?p=138543"},"modified":"2019-04-18T17:33:58","modified_gmt":"2019-04-18T20:33:58","slug":"sugestoes-ao-governo","status":"publish","type":"post","link":"https:\/\/diarioregionaldigital.com.br\/?p=138543","title":{"rendered":"SUGEST\u00d5ES AO GOVERNO"},"content":{"rendered":"<p>Com o seu audit\u00f3rio lotado, a Academia Brasileira de Letras iniciou o ciclo sobre a educa\u00e7\u00e3o brasileira, com a palestra (muito bem-sucedida) do professor Carlos Alberto Serpa de Oliveira sobre \u201cPerspectivas do ensino superior.\u201d<\/p>\n<p>Ao final, ficou decidido que as conclus\u00f5es do ciclo, que ter\u00e1 ainda as confer\u00eancias de Simon Schvartzman e Celso Niskier, ser\u00e3o encaminhadas ao governo brasileiro, como preciosa contribui\u00e7\u00e3o.<\/p>\n<p>O prof. Serpa, que \u00e9 presidente da Funda\u00e7\u00e3o Cesgranrio, produziu pensamentos sobre os quais conv\u00e9m refletir, como a ideia de que devemos desenhar a sociedade p\u00f3s-industrial que valoriza o ser humano. Para ele, sucesso \u00e9 sin\u00f4nimo de competitividade, partindo do princ\u00edpio de que \u201co s\u00e9culo XXI \u00e9 marcado pelo empreendedorismo.\u201d<\/p>\n<p>As mudan\u00e7as no ensino superior s\u00e3o imprescind\u00edveis, sobretudo no que se refere \u00e0 forma\u00e7\u00e3o de professores. Temos hoje 2.400 institui\u00e7\u00f5es de ensino superior, 200 das quais s\u00e3o universidades, com 8 milh\u00f5es de estudantes. \u00c9 essencial que elas sejam adaptadas \u00e0s peculiaridades nacionais. Deve-se estimular a leitura de textos e oferecer sempre pelo menos uma l\u00edngua estrangeira moderna.<\/p>\n<p>Para Serpa, \u201cjamais se deve parar de estudar.\u201d A institui\u00e7\u00e3o do Bloco Curricular \u00e9 uma provid\u00eancia essencial, a ser logo implantada, assim como a revis\u00e3o dos cursos de licenciatura, hoje funcionando como compartimentos estanques. \u00c9 preciso tamb\u00e9m rever o atual quadro de desinteresse pela profiss\u00e3o do magist\u00e9rio. E tomar provid\u00eancias para que n\u00e3o tenhamos vergonha do fato de que 60% dos nossos munic\u00edpios n\u00e3o t\u00eam cursos superiores.<\/p>\n<p>Temos que subir as aplica\u00e7\u00f5es financeiras em educa\u00e7\u00e3o (dos atuais 6,6% do PIB para 10%, como reza o Plano Nacional de Educa\u00e7\u00e3o), com um registro que mereceu aplausos gerais: \u201cSe tiv\u00e9ssemos todas as nossas crian\u00e7as nas escolas o nosso crescimento social e econ\u00f4mico seria muito mais expressivo.\u201d<\/p>\n<p>Serpa ainda criticou o MEC pelos atrasos na aprova\u00e7\u00e3o do Prouni e na libera\u00e7\u00e3o das provid\u00eancias ligadas ao Enem. Para depois afirmar algo igualmente insofism\u00e1vel: \u201cEduca\u00e7\u00e3o e Cultura s\u00e3o irm\u00e3s siamesas. Uma n\u00e3o vive sem a outra.\u201d Fez um apanhado sobre as atividades da sua institui\u00e7\u00e3o, com os seus in\u00fameros projetos de teatro e cinema, por fim lamentando que a cultura esteja hoje vinculada n\u00e3o mais a um minist\u00e9rio pr\u00f3prio. Ainda sobrou tempo para elogiar o emprego da modalidade de educa\u00e7\u00e3o a dist\u00e2ncia, na qual o Brasil tem hoje cerca de 1,8 milh\u00e3o de estudantes. N\u00e3o entende, por isso mesmo, que se critique desordenadamente o que hoje \u00e9 um sucesso indiscut\u00edvel.<\/p>\n<p><strong>\u00a0<\/strong><\/p>\n","protected":false},"excerpt":{"rendered":"<p>Com o seu audit\u00f3rio lotado, a Academia Brasileira de Letras iniciou o ciclo sobre a educa\u00e7\u00e3o brasileira, com a palestra (muito bem-sucedida) do professor Carlos Alberto Serpa de Oliveira sobre \u201cPerspectivas do ensino superior.\u201d Ao final, ficou decidido que as conclus\u00f5es do ciclo, que ter\u00e1 ainda as confer\u00eancias de Simon Schvartzman e Celso Niskier, ser\u00e3o [&hellip;]<\/p>\n","protected":false},"author":96,"featured_media":96753,"comment_status":"closed","ping_status":"closed","sticky":false,"template":"","format":"standard","meta":{"footnotes":""},"categories":[275,435,439],"tags":[],"class_list":["post-138543","post","type-post","status-publish","format-standard","has-post-thumbnail","hentry","category-arnaldo-niskier","category-colunas","category-ultima-hora"],"_links":{"self":[{"href":"https:\/\/diarioregionaldigital.com.br\/index.php?rest_route=\/wp\/v2\/posts\/138543","targetHints":{"allow":["GET"]}}],"collection":[{"href":"https:\/\/diarioregionaldigital.com.br\/index.php?rest_route=\/wp\/v2\/posts"}],"about":[{"href":"https:\/\/diarioregionaldigital.com.br\/index.php?rest_route=\/wp\/v2\/types\/post"}],"author":[{"embeddable":true,"href":"https:\/\/diarioregionaldigital.com.br\/index.php?rest_route=\/wp\/v2\/users\/96"}],"replies":[{"embeddable":true,"href":"https:\/\/diarioregionaldigital.com.br\/index.php?rest_route=%2Fwp%2Fv2%2Fcomments&post=138543"}],"version-history":[{"count":0,"href":"https:\/\/diarioregionaldigital.com.br\/index.php?rest_route=\/wp\/v2\/posts\/138543\/revisions"}],"wp:featuredmedia":[{"embeddable":true,"href":"https:\/\/diarioregionaldigital.com.br\/index.php?rest_route=\/wp\/v2\/media\/96753"}],"wp:attachment":[{"href":"https:\/\/diarioregionaldigital.com.br\/index.php?rest_route=%2Fwp%2Fv2%2Fmedia&parent=138543"}],"wp:term":[{"taxonomy":"category","embeddable":true,"href":"https:\/\/diarioregionaldigital.com.br\/index.php?rest_route=%2Fwp%2Fv2%2Fcategories&post=138543"},{"taxonomy":"post_tag","embeddable":true,"href":"https:\/\/diarioregionaldigital.com.br\/index.php?rest_route=%2Fwp%2Fv2%2Ftags&post=138543"}],"curies":[{"name":"wp","href":"https:\/\/api.w.org\/{rel}","templated":true}]}}