{"id":138535,"date":"2019-04-21T17:59:19","date_gmt":"2019-04-21T20:59:19","guid":{"rendered":"https:\/\/diarioregionaldigital.com.br\/?p=138535"},"modified":"2019-04-18T17:29:46","modified_gmt":"2019-04-18T20:29:46","slug":"transito-na-rua-vilela-filho-sera-interditado-nesta-segunda-feira","status":"publish","type":"post","link":"https:\/\/diarioregionaldigital.com.br\/?p=138535","title":{"rendered":"Tr\u00e2nsito na rua Vilela Filho ser\u00e1 interditado nesta segunda-feira"},"content":{"rendered":"<p>Devido a realiza\u00e7\u00e3o de um evento religioso no bairro Santa Helena, a Secretaria de Transporte e Tr\u00e2nsito (Settra) da Prefeitura de Juiz de Fora (PJF) interditar\u00e1 totalmente a Rua Vilela Filho entre a Rua S\u00e3o Sebasti\u00e3o e Benjamim Constant, das 6 horas da segunda-feira, 22, \u00e0s 23 horas da ter\u00e7a, 23.<\/p>\n<p>Com isso, algumas linhas do transporte p\u00fablico tamb\u00e9m v\u00e3o ter seus itiner\u00e1rios alterados durante este per\u00edodo. Confira a lista das altera\u00e7\u00f5es:<\/p>\n<ul>\n<li>Linhas 221 e 222 &#8211; Bom Pastor \/Santa Catarina:<\/li>\n<\/ul>\n<p>Sentido Santa Catarina\/Bom Pastor: ruas Visconde de Mau\u00e1, S\u00e3o\u00a0Sebasti\u00e3o, Tiradentes, Benjamim Constant, Vilela Filho.<\/p>\n<p>&nbsp;<\/p>\n<ul>\n<li>Linhas 501 &#8211; Pe. Caf\u00e9 \/Jardim Gl\u00f3ria:<\/li>\n<\/ul>\n<p>Sentido Pe. Caf\u00e9\/Jardim Gl\u00f3ria: ruas Oleg\u00e1rio Maciel, Benjamim Constant,\u00a0 Vilela Filho.<\/p>\n<p>&nbsp;<\/p>\n<p>A Igreja Melquita est\u00e1 localizada na Rua S\u00e3o Sebasti\u00e3o, 1.300, no Bairro Santa Helena.<\/p>\n","protected":false},"excerpt":{"rendered":"<p>Devido a realiza\u00e7\u00e3o de um evento religioso no bairro Santa Helena, a Secretaria de Transporte e Tr\u00e2nsito (Settra) da Prefeitura de Juiz de Fora (PJF) interditar\u00e1 totalmente a Rua Vilela Filho entre a Rua S\u00e3o Sebasti\u00e3o e Benjamim Constant, das 6 horas da segunda-feira, 22, \u00e0s 23 horas da ter\u00e7a, 23. Com isso, algumas linhas [&hellip;]<\/p>\n","protected":false},"author":96,"featured_media":130741,"comment_status":"closed","ping_status":"closed","sticky":false,"template":"","format":"standard","meta":{"footnotes":""},"categories":[253,436,440,439],"tags":[],"class_list":["post-138535","post","type-post","status-publish","format-standard","has-post-thumbnail","hentry","category-cidade","category-destaque-da-semana","category-destaques-do-dia","category-ultima-hora"],"_links":{"self":[{"href":"https:\/\/diarioregionaldigital.com.br\/index.php?rest_route=\/wp\/v2\/posts\/138535","targetHints":{"allow":["GET"]}}],"collection":[{"href":"https:\/\/diarioregionaldigital.com.br\/index.php?rest_route=\/wp\/v2\/posts"}],"about":[{"href":"https:\/\/diarioregionaldigital.com.br\/index.php?rest_route=\/wp\/v2\/types\/post"}],"author":[{"embeddable":true,"href":"https:\/\/diarioregionaldigital.com.br\/index.php?rest_route=\/wp\/v2\/users\/96"}],"replies":[{"embeddable":true,"href":"https:\/\/diarioregionaldigital.com.br\/index.php?rest_route=%2Fwp%2Fv2%2Fcomments&post=138535"}],"version-history":[{"count":0,"href":"https:\/\/diarioregionaldigital.com.br\/index.php?rest_route=\/wp\/v2\/posts\/138535\/revisions"}],"wp:featuredmedia":[{"embeddable":true,"href":"https:\/\/diarioregionaldigital.com.br\/index.php?rest_route=\/wp\/v2\/media\/130741"}],"wp:attachment":[{"href":"https:\/\/diarioregionaldigital.com.br\/index.php?rest_route=%2Fwp%2Fv2%2Fmedia&parent=138535"}],"wp:term":[{"taxonomy":"category","embeddable":true,"href":"https:\/\/diarioregionaldigital.com.br\/index.php?rest_route=%2Fwp%2Fv2%2Fcategories&post=138535"},{"taxonomy":"post_tag","embeddable":true,"href":"https:\/\/diarioregionaldigital.com.br\/index.php?rest_route=%2Fwp%2Fv2%2Ftags&post=138535"}],"curies":[{"name":"wp","href":"https:\/\/api.w.org\/{rel}","templated":true}]}}