{"id":138534,"date":"2019-04-21T06:00:16","date_gmt":"2019-04-21T09:00:16","guid":{"rendered":"https:\/\/diarioregionaldigital.com.br\/?p=138534"},"modified":"2019-04-18T17:32:40","modified_gmt":"2019-04-18T20:32:40","slug":"sedecon-realiza-feirao-limpa-nome-entre-os-dias-22-e-26-de-abril","status":"publish","type":"post","link":"https:\/\/diarioregionaldigital.com.br\/?p=138534","title":{"rendered":"Sedecon realiza Feir\u00e3o Limpa Nome entre os dias 22 e 26 de abril"},"content":{"rendered":"<p>Os cidad\u00e3os que est\u00e3o negativados poder\u00e3o negociar suas d\u00edvidas entre os dias 22 e 26 de abril, no pr\u00e9dio da C\u00e2mara Municipal. O 3\u00b0 Feir\u00e3o Limpa Nome, est\u00e1 sendo organizado pelo Servi\u00e7o de Defesa do Consumidor (Sedecon), e funcionar\u00e1 das 9h \u00e0s 17h.<\/p>\n<p>No total, ser\u00e3o sete empresas participantes: Banco Ita\u00fa, Cart\u00e3o Bahamas Card, Banco do Brasil, Banco Bradesco, Santander, Crefisa e Agiplan, que oferecer\u00e3o condi\u00e7\u00f5es especiais para quem negociar as d\u00edvidas no Feir\u00e3o. Os prazos e descontos variam de acordo com a empresa, e o tempo em que o cliente est\u00e1 negativado, al\u00e9m do valor da d\u00edvida.<\/p>\n<p>Quem possui d\u00edvida com uma dessas empresas e deseja negociar, deve procurar o balc\u00e3o central, no primeiro andar do pr\u00e9dio da C\u00e2mara. As senhas ser\u00e3o distribu\u00eddas de acordo com a ordem de chegada, e os guich\u00eas de atendimento do Sedecon estar\u00e3o reservados para as empresas e institui\u00e7\u00f5es participantes. Os interessados devem trazer os seguintes documentos: Identidade, CPF, comprovante de negativa\u00e7\u00e3o (consulta ao SPC), comprovante da d\u00edvida (fatura, contrato ou extrato banc\u00e1rio).<\/p>\n<p>A coordenadora do Sedecon, Gisele Helt Velloso, ressalta a import\u00e2ncia do Feir\u00e3o para o com\u00e9rcio local. \u201c\u00c9 uma iniciativa que visa trazer essas pessoas de volta para o com\u00e9rcio. Toda a roda econ\u00f4mica do pa\u00eds e da cidade depende do com\u00e9rcio e da circula\u00e7\u00e3o de mercadorias. Esse resgate do cr\u00e9dito do consumidor \u00e9 uma forma de estimular essa circula\u00e7\u00e3o\u201d, explica.<\/p>\n<p>Fonte: CMJF<\/p>\n","protected":false},"excerpt":{"rendered":"<p>Os cidad\u00e3os que est\u00e3o negativados poder\u00e3o negociar suas d\u00edvidas entre os dias 22 e 26 de abril, no pr\u00e9dio da C\u00e2mara Municipal. O 3\u00b0 Feir\u00e3o Limpa Nome, est\u00e1 sendo organizado pelo Servi\u00e7o de Defesa do Consumidor (Sedecon), e funcionar\u00e1 das 9h \u00e0s 17h. No total, ser\u00e3o sete empresas participantes: Banco Ita\u00fa, Cart\u00e3o Bahamas Card, Banco [&hellip;]<\/p>\n","protected":false},"author":96,"featured_media":130741,"comment_status":"closed","ping_status":"closed","sticky":false,"template":"","format":"standard","meta":{"footnotes":""},"categories":[253,436,439],"tags":[],"class_list":["post-138534","post","type-post","status-publish","format-standard","has-post-thumbnail","hentry","category-cidade","category-destaque-da-semana","category-ultima-hora"],"_links":{"self":[{"href":"https:\/\/diarioregionaldigital.com.br\/index.php?rest_route=\/wp\/v2\/posts\/138534","targetHints":{"allow":["GET"]}}],"collection":[{"href":"https:\/\/diarioregionaldigital.com.br\/index.php?rest_route=\/wp\/v2\/posts"}],"about":[{"href":"https:\/\/diarioregionaldigital.com.br\/index.php?rest_route=\/wp\/v2\/types\/post"}],"author":[{"embeddable":true,"href":"https:\/\/diarioregionaldigital.com.br\/index.php?rest_route=\/wp\/v2\/users\/96"}],"replies":[{"embeddable":true,"href":"https:\/\/diarioregionaldigital.com.br\/index.php?rest_route=%2Fwp%2Fv2%2Fcomments&post=138534"}],"version-history":[{"count":0,"href":"https:\/\/diarioregionaldigital.com.br\/index.php?rest_route=\/wp\/v2\/posts\/138534\/revisions"}],"wp:featuredmedia":[{"embeddable":true,"href":"https:\/\/diarioregionaldigital.com.br\/index.php?rest_route=\/wp\/v2\/media\/130741"}],"wp:attachment":[{"href":"https:\/\/diarioregionaldigital.com.br\/index.php?rest_route=%2Fwp%2Fv2%2Fmedia&parent=138534"}],"wp:term":[{"taxonomy":"category","embeddable":true,"href":"https:\/\/diarioregionaldigital.com.br\/index.php?rest_route=%2Fwp%2Fv2%2Fcategories&post=138534"},{"taxonomy":"post_tag","embeddable":true,"href":"https:\/\/diarioregionaldigital.com.br\/index.php?rest_route=%2Fwp%2Fv2%2Ftags&post=138534"}],"curies":[{"name":"wp","href":"https:\/\/api.w.org\/{rel}","templated":true}]}}