{"id":138533,"date":"2019-04-21T06:00:06","date_gmt":"2019-04-21T09:00:06","guid":{"rendered":"https:\/\/diarioregionaldigital.com.br\/?p=138533"},"modified":"2019-04-18T17:26:31","modified_gmt":"2019-04-18T20:26:31","slug":"procon-jf-promove-curso-de-educacao-financeira-para-consumidores","status":"publish","type":"post","link":"https:\/\/diarioregionaldigital.com.br\/?p=138533","title":{"rendered":"Procon\/JF promove curso de educa\u00e7\u00e3o financeira para consumidores"},"content":{"rendered":"<p>Com inscri\u00e7\u00f5es abertas a partir desta segunda-feira, 22, aAg\u00eancia de Prote\u00e7\u00e3o e Defesa do Consumidor (Procon\/JF) da Prefeitura de Juiz de Fora (PJF) vai dar in\u00edcio a mais uma edi\u00e7\u00e3o do curso gratuito de educa\u00e7\u00e3o financeira que acontecer\u00e1 em maio.<\/p>\n<p>O curso ser\u00e1 dividido em dois formatos e oferecido pelo Departamento de Estudos, Pesquisas e Projetos (Depp),incluindo o material did\u00e1tico da metodologia \u201cDiagnosticar, Sonhar, Or\u00e7ar e Poupar\u201d (Dsop). O workshop de educa\u00e7\u00e3o financeira acontecer\u00e1 uma vez, \u00e0s segundas-feiras, das 14 \u00e0s 18 horas. O segundo formato \u00e9 o mensal, sempre \u00e0s ter\u00e7as-feiras de maio, das 18h30 \u00e0s 20h30. A proposta das aulas \u00e9 oferecer dicas financeiras para conscientizar os consumidores em rela\u00e7\u00e3o ao consumismo de forma geral, sendo abordadas no\u00e7\u00f5es de investimento, or\u00e7amento dom\u00e9stico e diagn\u00f3stico financeiro,tendo como objetivo provocar mudan\u00e7as de h\u00e1bitos e comportamentos do consumidor quanto ao uso do dinheiro.<\/p>\n<p>O interessado pode comparecer \u00e0 sede do Procon, Avenida Presidente Itamar Franco, 992, Centro, ou fazer a inscri\u00e7\u00e3o por meio do telefone 2104-8702. Informa\u00e7\u00f5es e orienta\u00e7\u00f5es sobre direitos do consumidor podem ser solicitadas pelos telefones 3690-7610 e 3690-7611, ou na sede da ag\u00eancia, de segunda a sexta-feira, das 8h30 \u00e0s 17h30.<\/p>\n","protected":false},"excerpt":{"rendered":"<p>Com inscri\u00e7\u00f5es abertas a partir desta segunda-feira, 22, aAg\u00eancia de Prote\u00e7\u00e3o e Defesa do Consumidor (Procon\/JF) da Prefeitura de Juiz de Fora (PJF) vai dar in\u00edcio a mais uma edi\u00e7\u00e3o do curso gratuito de educa\u00e7\u00e3o financeira que acontecer\u00e1 em maio. O curso ser\u00e1 dividido em dois formatos e oferecido pelo Departamento de Estudos, Pesquisas e [&hellip;]<\/p>\n","protected":false},"author":96,"featured_media":138539,"comment_status":"closed","ping_status":"closed","sticky":false,"template":"","format":"standard","meta":{"footnotes":""},"categories":[253,436,440,439],"tags":[],"class_list":["post-138533","post","type-post","status-publish","format-standard","has-post-thumbnail","hentry","category-cidade","category-destaque-da-semana","category-destaques-do-dia","category-ultima-hora"],"_links":{"self":[{"href":"https:\/\/diarioregionaldigital.com.br\/index.php?rest_route=\/wp\/v2\/posts\/138533","targetHints":{"allow":["GET"]}}],"collection":[{"href":"https:\/\/diarioregionaldigital.com.br\/index.php?rest_route=\/wp\/v2\/posts"}],"about":[{"href":"https:\/\/diarioregionaldigital.com.br\/index.php?rest_route=\/wp\/v2\/types\/post"}],"author":[{"embeddable":true,"href":"https:\/\/diarioregionaldigital.com.br\/index.php?rest_route=\/wp\/v2\/users\/96"}],"replies":[{"embeddable":true,"href":"https:\/\/diarioregionaldigital.com.br\/index.php?rest_route=%2Fwp%2Fv2%2Fcomments&post=138533"}],"version-history":[{"count":0,"href":"https:\/\/diarioregionaldigital.com.br\/index.php?rest_route=\/wp\/v2\/posts\/138533\/revisions"}],"wp:featuredmedia":[{"embeddable":true,"href":"https:\/\/diarioregionaldigital.com.br\/index.php?rest_route=\/wp\/v2\/media\/138539"}],"wp:attachment":[{"href":"https:\/\/diarioregionaldigital.com.br\/index.php?rest_route=%2Fwp%2Fv2%2Fmedia&parent=138533"}],"wp:term":[{"taxonomy":"category","embeddable":true,"href":"https:\/\/diarioregionaldigital.com.br\/index.php?rest_route=%2Fwp%2Fv2%2Fcategories&post=138533"},{"taxonomy":"post_tag","embeddable":true,"href":"https:\/\/diarioregionaldigital.com.br\/index.php?rest_route=%2Fwp%2Fv2%2Ftags&post=138533"}],"curies":[{"name":"wp","href":"https:\/\/api.w.org\/{rel}","templated":true}]}}