{"id":138532,"date":"2019-04-21T06:01:58","date_gmt":"2019-04-21T09:01:58","guid":{"rendered":"https:\/\/diarioregionaldigital.com.br\/?p=138532"},"modified":"2019-04-18T17:26:37","modified_gmt":"2019-04-18T20:26:37","slug":"segunda-fase-da-campanha-de-vacinacao-contra-gripe-comeca-nesta-segunda-feira","status":"publish","type":"post","link":"https:\/\/diarioregionaldigital.com.br\/?p=138532","title":{"rendered":"Segunda fase da campanha de vacina\u00e7\u00e3o contra gripe come\u00e7a nesta segunda-feira"},"content":{"rendered":"<p>A 21\u00aa Campanha Nacional de Vacina\u00e7\u00e3o Contra a Influenza, o v\u00edrus da gripe, j\u00e1 come\u00e7ou. Nesta segunda-feira, 22, em todo o pa\u00eds, inicia-se segunda fase de imuniza\u00e7\u00e3o, em que outros grupos de p\u00fablico-alvo poder\u00e3o se vacinar. A campanha acontece at\u00e9 31 de maio e o Dia D ser\u00e1 no dia 4 de maio, s\u00e1bado.<\/p>\n<p>Na segunda fase, ser\u00e1 realizada a vacina\u00e7\u00e3o de todos os grupos priorit\u00e1rios, sendo eles: os idosos, pu\u00e9rperas, que s\u00e3o mulheres com at\u00e9 45 dias p\u00f3s-parto, trabalhadores da sa\u00fade, doentes cr\u00f4nicos (dentro do grupo das comorbidades preconizadas pelo MS e com receita m\u00e9dica), professores das redes p\u00fablica e particular, popula\u00e7\u00e3o privada de liberdade e funcion\u00e1rios do sistema prisional.\u00a0Crian\u00e7as e gestantes tamb\u00e9m poder\u00e3o buscar unidades de sa\u00fade para continuarem sendo vacinadas.Al\u00e9m disso, durante esse per\u00edodo, ocorrer\u00e1 a atualiza\u00e7\u00e3o da Caderneta de Vacina\u00e7\u00e3o de crian\u00e7as de 6 meses at\u00e9 5 anos, 11 meses e 29 dias e gestantes, conforme a situa\u00e7\u00e3o vacinal encontrada e as indica\u00e7\u00f5es do Calend\u00e1rio Nacional de Vacina\u00e7\u00e3o.<\/p>\n<p>A primeira fase da campanha, destinada a crian\u00e7as e a gestantes, come\u00e7ou no dia 10 de abril e terminou no \u00faltimo dia 17 em Juiz de Fora. De acordo com o Setor de Imuniza\u00e7\u00e3o do Departamento de Vigil\u00e2ncia Epidemiol\u00f3gica e Ambiental (Dvea) da Secretaria de Sa\u00fade (SS) da Prefeitura de Juiz de Fora (PJF), no per\u00edodo de 10 a 15 de abril, n\u00e3o incluindo final de semana, foram aplicadas 2.430 doses da vacina. Ainda conforme os dados, foram administradas 1.977 doses em crian\u00e7as na faixa et\u00e1ria de seis meses a 5 anos, 11 meses e 29 dias, e 453 em gestantes. A cobertura vacinal nessa primeira semana de campanha referente a esse p\u00fablico \u00e9 de 6% e 9,65%, respectivamente.<\/p>\n<div id=\"attachment_138537\" style=\"width: 465px\" class=\"wp-caption aligncenter\"><img loading=\"lazy\" decoding=\"async\" aria-describedby=\"caption-attachment-138537\" class=\" wp-image-138537\" src=\"https:\/\/diarioregionaldigital.com.br\/wp-content\/uploads\/2019\/04\/02-300x200.jpg\" alt=\"\" width=\"455\" height=\"303\" srcset=\"https:\/\/diarioregionaldigital.com.br\/wp-content\/uploads\/2019\/04\/02-300x200.jpg 300w, https:\/\/diarioregionaldigital.com.br\/wp-content\/uploads\/2019\/04\/02-768x512.jpg 768w, https:\/\/diarioregionaldigital.com.br\/wp-content\/uploads\/2019\/04\/02-1024x683.jpg 1024w, https:\/\/diarioregionaldigital.com.br\/wp-content\/uploads\/2019\/04\/02-360x240.jpg 360w\" sizes=\"auto, (max-width: 455px) 100vw, 455px\" \/><p id=\"caption-attachment-138537\" class=\"wp-caption-text\">Foto: Arquivo \/ Rafaela Frutuoso<\/p><\/div>\n<p>A vacina ofertada \u00e9 a trivalente, que protege contra os tr\u00eas subtipos da influenza: H1N1, H3N2 e influenza B.<\/p>\n<p>Segundo a Secretaria de Sa\u00fade, Juiz de Fora tamb\u00e9m traz novidades durante a campanha. A vacina para o grupo de idosos ser\u00e1 oferecida n\u00e3o s\u00f3 nas 63 unidades b\u00e1sicas de Sa\u00fade (UBS), mas tamb\u00e9m no Departamento de Sa\u00fade do Idoso (DSI). Para este grupo, a vacina n\u00e3o ser\u00e1 mais oferecida para este grupo no Pronto Atendimento M\u00e9dico (PAM) Marechal. O DSI fica na Rua Batista de Oliveira, 943, Centro, e a vacina\u00e7\u00e3o, l\u00e1, ser\u00e1 oferecida de segunda a sexta-feira, entre 8 horas e 15h30.<\/p>\n<p>J\u00e1 os demais grupos priorit\u00e1rios poder\u00e3o procurar uma das 63 UBS da cidade, de segunda a sexta-feira, entre 8 horas e 10h30 e das 13 horas \u00e0s 16h30. Ou, se preferirem, ir at\u00e9 o PAM Marechal \u2013 3\u00b0 andar, entre 8 horas e 16h30.<\/p>\n<p>A SS informa que gestantes e crian\u00e7as tamb\u00e9m podem procurar o Departamento de Sa\u00fade da Crian\u00e7a e do Adolescente (DSCA), na Rua S\u00e3o Sebasti\u00e3o, 722, Centro, entre 8 horas e 15h30.<\/p>\n<p>Os moradores que residem em bairro com cobertura de UBS devem fazer o agendamento na pr\u00f3pria unidade. J\u00e1 aqueles que moram fora das \u00e1reas de cobertura devem entrar em contato com o setor de imuniza\u00e7\u00e3o, atrav\u00e9s do telefone 3214-4180, para agendamento.<\/p>\n<p>&nbsp;<\/p>\n<p><strong>Hor\u00e1rio de funcionamento das salas de vacina\u00e7\u00e3o (segunda a sexta-feira):<\/strong><\/p>\n<ul>\n<li>Unidades b\u00e1sicas de Sa\u00fade: 8 horas \u00e0s 10h30 e 13 horas \u00e0s 16h30 \u2013 Todos os grupos priorit\u00e1rios.<\/li>\n<li>Departamento de Sa\u00fade da Crian\u00e7a e do Adolescente: 8 horas \u00e0s 15h30 \u2013 Rua S\u00e3o Sebasti\u00e3o, 772 \u2013 Crian\u00e7as, gestantes e pu\u00e9rperas<\/li>\n<li>Departamento de Sa\u00fade do Idoso: 8 horas \u00e0s 15h30 \u2013 Rua Batista de Oliveira, 943 \u2013 Somente idosos<\/li>\n<li>PAM Marechal: 8 horas \u00e0s 16h30 \u2013 Sala de vacina\u00e7\u00e3o no 3\u00b0 andar \u2013 Todos os grupos priorit\u00e1rios, menos idosos.<\/li>\n<\/ul>\n","protected":false},"excerpt":{"rendered":"<p>A 21\u00aa Campanha Nacional de Vacina\u00e7\u00e3o Contra a Influenza, o v\u00edrus da gripe, j\u00e1 come\u00e7ou. Nesta segunda-feira, 22, em todo o pa\u00eds, inicia-se segunda fase de imuniza\u00e7\u00e3o, em que outros grupos de p\u00fablico-alvo poder\u00e3o se vacinar. A campanha acontece at\u00e9 31 de maio e o Dia D ser\u00e1 no dia 4 de maio, s\u00e1bado. Na [&hellip;]<\/p>\n","protected":false},"author":96,"featured_media":138536,"comment_status":"closed","ping_status":"closed","sticky":false,"template":"","format":"standard","meta":{"footnotes":""},"categories":[256,436,440,439],"tags":[],"class_list":["post-138532","post","type-post","status-publish","format-standard","has-post-thumbnail","hentry","category-cultura","category-destaque-da-semana","category-destaques-do-dia","category-ultima-hora"],"_links":{"self":[{"href":"https:\/\/diarioregionaldigital.com.br\/index.php?rest_route=\/wp\/v2\/posts\/138532","targetHints":{"allow":["GET"]}}],"collection":[{"href":"https:\/\/diarioregionaldigital.com.br\/index.php?rest_route=\/wp\/v2\/posts"}],"about":[{"href":"https:\/\/diarioregionaldigital.com.br\/index.php?rest_route=\/wp\/v2\/types\/post"}],"author":[{"embeddable":true,"href":"https:\/\/diarioregionaldigital.com.br\/index.php?rest_route=\/wp\/v2\/users\/96"}],"replies":[{"embeddable":true,"href":"https:\/\/diarioregionaldigital.com.br\/index.php?rest_route=%2Fwp%2Fv2%2Fcomments&post=138532"}],"version-history":[{"count":0,"href":"https:\/\/diarioregionaldigital.com.br\/index.php?rest_route=\/wp\/v2\/posts\/138532\/revisions"}],"wp:featuredmedia":[{"embeddable":true,"href":"https:\/\/diarioregionaldigital.com.br\/index.php?rest_route=\/wp\/v2\/media\/138536"}],"wp:attachment":[{"href":"https:\/\/diarioregionaldigital.com.br\/index.php?rest_route=%2Fwp%2Fv2%2Fmedia&parent=138532"}],"wp:term":[{"taxonomy":"category","embeddable":true,"href":"https:\/\/diarioregionaldigital.com.br\/index.php?rest_route=%2Fwp%2Fv2%2Fcategories&post=138532"},{"taxonomy":"post_tag","embeddable":true,"href":"https:\/\/diarioregionaldigital.com.br\/index.php?rest_route=%2Fwp%2Fv2%2Ftags&post=138532"}],"curies":[{"name":"wp","href":"https:\/\/api.w.org\/{rel}","templated":true}]}}