{"id":138526,"date":"2019-04-18T15:59:11","date_gmt":"2019-04-18T18:59:11","guid":{"rendered":"https:\/\/diarioregionaldigital.com.br\/?p=138526"},"modified":"2019-04-18T15:59:11","modified_gmt":"2019-04-18T18:59:11","slug":"bolsonaro-diz-que-exercito-sempre-esteve-ao-lado-da-vontade-nacional","status":"publish","type":"post","link":"https:\/\/diarioregionaldigital.com.br\/?p=138526","title":{"rendered":"Bolsonaro diz que Ex\u00e9rcito sempre esteve ao lado da vontade nacional"},"content":{"rendered":"<p>Ao participar nesta quinta-feira, 18, de solenidade em comemora\u00e7\u00e3o dos 371 anos do Ex\u00e9rcito Brasileiro, no Quartel-General do Ibirapuera, em S\u00e3o Paulo, o presidente Jair Bolsonaro disse que o Ex\u00e9rcito \u201csempre esteve ao lado da vontade nacional\u201d nos momentos dif\u00edceis que a na\u00e7\u00e3o passou. A institui\u00e7\u00e3o completa 371 anos nesta sexta-feira, 19.<\/p>\n<p>Em seu discurso, ele ressaltou que o governo precisa da m\u00eddia para que \u201ca chama da democracia n\u00e3o se apague\u201d. \u201cPrecisamos de voc\u00eas cada vez mais, palavras, letras e imagens, que estejam perfeitamente emanadas com a verdade. N\u00f3s, juntos, trabalhando com esse objetivo, faremos um Brasil maior, grande e reconhecido em todo o cen\u00e1rio mundial. \u00c9 isso o que n\u00f3s queremos, as pequenas diferen\u00e7as fiquem para tr\u00e1s. O Brasil \u00e9 maior do que todos n\u00f3s juntos\u201d, afirmou.<\/p>\n<p>Bolsonaro ainda destacou a necessidade de uni\u00e3o para o desenvolvimento do pa\u00eds. \u201cTenho certeza que, sozinho, n\u00e3o chegarei a lugar algum. Precisamos de todos voc\u00eas, civis e militares, ao lado do Brasil, para coloc\u00e1-lo realmente no lugar que ele merece\u201d.<\/p>\n<p>&nbsp;<\/p>\n<p><strong>Col\u00e9gio militar<\/strong><\/p>\n<p>O presidente elogiou o prefeito de S\u00e3o Paulo, Bruno Covas, presente na cerim\u00f4nia, pela \u201cconstru\u00e7\u00e3o do maior col\u00e9gio militar do Brasil, no Campo de Marte\u201d. \u201cN\u00f3s faremos todo o poss\u00edvel para que, em cada capital de estado, onde, porventura, n\u00e3o exista col\u00e9gio militar, n\u00f3s construiremos l\u00e1 tamb\u00e9m\u201d, acrescentou.<\/p>\n<p>Bolsonaro tamb\u00e9m elogiou \u201cas escolas militarizadas no estado do Amazonas e Goi\u00e1s que est\u00e3o dando um exemplo enorme de como se faz educa\u00e7\u00e3o de verdade sem desmerecer as demais boas escolas particulares e p\u00fablicas que temos no Brasil\u201d.<\/p>\n<p>O Dia do Ex\u00e9rcito \u00e9 celebrado em 19 de abril em alus\u00e3o \u00e0 Batalha dos Guararapes, quando brancos, negros e \u00edndios defenderam a p\u00e1tria contra invasores holandeses em Pernambuco, no ano de 1648.<\/p>\n<p>&nbsp;<\/p>\n<p>Fonte: Ag\u00eancia Brasil<\/p>\n","protected":false},"excerpt":{"rendered":"<p>Ao participar nesta quinta-feira, 18, de solenidade em comemora\u00e7\u00e3o dos 371 anos do Ex\u00e9rcito Brasileiro, no Quartel-General do Ibirapuera, em S\u00e3o Paulo, o presidente Jair Bolsonaro disse que o Ex\u00e9rcito \u201csempre esteve ao lado da vontade nacional\u201d nos momentos dif\u00edceis que a na\u00e7\u00e3o passou. A institui\u00e7\u00e3o completa 371 anos nesta sexta-feira, 19. Em seu discurso, [&hellip;]<\/p>\n","protected":false},"author":96,"featured_media":138527,"comment_status":"closed","ping_status":"closed","sticky":false,"template":"","format":"standard","meta":{"footnotes":""},"categories":[436,254,439],"tags":[],"class_list":["post-138526","post","type-post","status-publish","format-standard","has-post-thumbnail","hentry","category-destaque-da-semana","category-politica","category-ultima-hora"],"_links":{"self":[{"href":"https:\/\/diarioregionaldigital.com.br\/index.php?rest_route=\/wp\/v2\/posts\/138526","targetHints":{"allow":["GET"]}}],"collection":[{"href":"https:\/\/diarioregionaldigital.com.br\/index.php?rest_route=\/wp\/v2\/posts"}],"about":[{"href":"https:\/\/diarioregionaldigital.com.br\/index.php?rest_route=\/wp\/v2\/types\/post"}],"author":[{"embeddable":true,"href":"https:\/\/diarioregionaldigital.com.br\/index.php?rest_route=\/wp\/v2\/users\/96"}],"replies":[{"embeddable":true,"href":"https:\/\/diarioregionaldigital.com.br\/index.php?rest_route=%2Fwp%2Fv2%2Fcomments&post=138526"}],"version-history":[{"count":0,"href":"https:\/\/diarioregionaldigital.com.br\/index.php?rest_route=\/wp\/v2\/posts\/138526\/revisions"}],"wp:featuredmedia":[{"embeddable":true,"href":"https:\/\/diarioregionaldigital.com.br\/index.php?rest_route=\/wp\/v2\/media\/138527"}],"wp:attachment":[{"href":"https:\/\/diarioregionaldigital.com.br\/index.php?rest_route=%2Fwp%2Fv2%2Fmedia&parent=138526"}],"wp:term":[{"taxonomy":"category","embeddable":true,"href":"https:\/\/diarioregionaldigital.com.br\/index.php?rest_route=%2Fwp%2Fv2%2Fcategories&post=138526"},{"taxonomy":"post_tag","embeddable":true,"href":"https:\/\/diarioregionaldigital.com.br\/index.php?rest_route=%2Fwp%2Fv2%2Ftags&post=138526"}],"curies":[{"name":"wp","href":"https:\/\/api.w.org\/{rel}","templated":true}]}}