{"id":138518,"date":"2019-04-18T15:55:12","date_gmt":"2019-04-18T18:55:12","guid":{"rendered":"https:\/\/diarioregionaldigital.com.br\/?p=138518"},"modified":"2019-04-18T15:55:12","modified_gmt":"2019-04-18T18:55:12","slug":"guedes-diz-que-esta-preparando-sequencia-de-medidas-fortes-e-positivas","status":"publish","type":"post","link":"https:\/\/diarioregionaldigital.com.br\/?p=138518","title":{"rendered":"Guedes diz que est\u00e1 preparando sequ\u00eancia de medidas fortes e positivas"},"content":{"rendered":"<p>O ministro da Economia, Paulo Guedes, anunciou que o governo est\u00e1 preparando uma sequ\u00eancia de medidas \u201cextraordinariamente fortes e positivas\u201d para o pa\u00eds.<\/p>\n<p>\u201cTem coisas excelentes sendo preparadas, como choque de energia barata, o pacto federativo, a redu\u00e7\u00e3o e simplifica\u00e7\u00e3o dos impostos, as privatiza\u00e7\u00f5es\u201d, disse, em entrevista \u00e0 Globonews, na noite desta quarta-feira, 17.<\/p>\n<p>O ministro, no entanto, condicionou a implementa\u00e7\u00e3o das medidas \u00e0 organiza\u00e7\u00e3o das contas p\u00fablicas, com a aprova\u00e7\u00e3o da reforma da Previd\u00eancia.<\/p>\n<p>Paulo Guedes disse que o governo tem uma estrat\u00e9gia para a aprova\u00e7\u00e3o da reforma. \u201cEu n\u00e3o posso falar onde a gente cede. A gente tem uma estrat\u00e9gia de negocia\u00e7\u00e3o. A gente est\u00e1 preparado para ceder em algumas coisas e n\u00e3o ceder em outras\u201d, disse.<\/p>\n<p><strong>Reforma tribut\u00e1ria<\/strong><\/p>\n<p>Guedes tamb\u00e9m informou que o secret\u00e1rio da Receita, Marcos Cintra, estuda unificar tributos para criar um imposto \u00fanico federal. Segundo o ministro, est\u00e3o sendo analisadas as bases de tributos como a Contribui\u00e7\u00e3o Social sobre Lucro L\u00edquido (CSLL), o Imposto sobre Produtos Industrializados (IPI), o Programa de Integra\u00e7\u00e3o Social (PIS) e a Contribui\u00e7\u00e3o para Financiamento da Seguridade Social (Cofins).<\/p>\n<p>De acordo com o ministro, o imposto federal ser\u00e1 diferente da antiga Contribui\u00e7\u00e3o Provis\u00f3ria sobre Movimenta\u00e7\u00e3o Financeira (CPMF). \u201cSim, vamos fundir [tributos]. Estamos estudando a base. Esse \u00e9 o IVA [Imposto sobre o Valor Agregado, proposta que visa unificar impostos cobrados do consumidor]. \u00c9 isso que estamos estudando aqui, o IVA federal\u201d, disse.<\/p>\n<p><strong>Petrobras<\/strong><\/p>\n<p>Paulo Guedes disse que o presidente Jair Bolsonaro tem lhe dado apoio para cuidar da economia do pa\u00eds. \u201cPor enquanto n\u00e3o posso me queixar. Eu n\u00e3o fui atingido na minha autonomia\u201d, afirmou.<\/p>\n<p>Segundo Guedes, o presidente Jair Bolsonaro n\u00e3o pediu ao presidente da Petrobras, Roberto Castello Branco, para suspender o reajuste do diesel na \u00faltima sexta-feira, 12, mas telefonou para pedir explica\u00e7\u00f5es sobre o aumento. \u201cEm nenhum momento ele mandou suspender o reajuste. O presidente da Petrobras \u00e9 que teve a aten\u00e7\u00e3o de explicar para o presidente e depois, o jogo que segue\u201d, disse.<\/p>\n<p>Apesar disso, Guedes disse que a situa\u00e7\u00e3o n\u00e3o aconteceu da melhor forma. \u201c\u00c9 natural que ele como presidente se precipite. Aconteceu da melhor forma? Claro que n\u00e3o\u201d, disse. Para Guedes, o presidente ficou preocupado com a dimens\u00e3o pol\u00edtica do reajuste.<\/p>\n<p>Nesta ter\u00e7a-feira, 16, ap\u00f3s reuni\u00e3o com o presidente, Guedes e o ministro de Minas e Energia, Bento Albuquerque, disseram que o\u00a0governo est\u00e1 comprometido em n\u00e3o manipular pre\u00e7os\u00a0e em aumentar a transpar\u00eancia da Petrobras.<\/p>\n<p>Ontem, 17, a empresa anunciou o aumento de R$ 0,10 por litro de diesel\u00a0nas refinarias. O valor do combust\u00edvel sobe dos atuais R$ 2,14 para R$ 2,24, em m\u00e9dia, nos 35 pontos de distribui\u00e7\u00e3o no pa\u00eds.<\/p>\n<p>Segundo Guedes, havia preocupa\u00e7\u00e3o com as reivindica\u00e7\u00f5es dos caminhoneiros, que fizeram greve no ano passado, paralisando o pa\u00eds. De acordo com o ministro, o reajuste do diesel n\u00e3o \u00e9 a principal reivindica\u00e7\u00e3o dos caminhoneiros, mas sim a quest\u00e3o de seguran\u00e7a nas estradas, relacionadas \u00e0 pavimenta\u00e7\u00e3o e local adequado de descanso sem risco de assaltos. Ele acrescentou que de 13 reivindica\u00e7\u00f5es dos caminhoneiros, o pre\u00e7o do combust\u00edvel \u00e9 a d\u00e9cima-segunda.<\/p>\n<p>&nbsp;<\/p>\n<p>Fonte: Ag\u00eancia Brasil<\/p>\n","protected":false},"excerpt":{"rendered":"<p>O ministro da Economia, Paulo Guedes, anunciou que o governo est\u00e1 preparando uma sequ\u00eancia de medidas \u201cextraordinariamente fortes e positivas\u201d para o pa\u00eds. \u201cTem coisas excelentes sendo preparadas, como choque de energia barata, o pacto federativo, a redu\u00e7\u00e3o e simplifica\u00e7\u00e3o dos impostos, as privatiza\u00e7\u00f5es\u201d, disse, em entrevista \u00e0 Globonews, na noite desta quarta-feira, 17. O [&hellip;]<\/p>\n","protected":false},"author":96,"featured_media":133443,"comment_status":"closed","ping_status":"closed","sticky":false,"template":"","format":"standard","meta":{"footnotes":""},"categories":[436,261,439],"tags":[],"class_list":["post-138518","post","type-post","status-publish","format-standard","has-post-thumbnail","hentry","category-destaque-da-semana","category-economia","category-ultima-hora"],"_links":{"self":[{"href":"https:\/\/diarioregionaldigital.com.br\/index.php?rest_route=\/wp\/v2\/posts\/138518","targetHints":{"allow":["GET"]}}],"collection":[{"href":"https:\/\/diarioregionaldigital.com.br\/index.php?rest_route=\/wp\/v2\/posts"}],"about":[{"href":"https:\/\/diarioregionaldigital.com.br\/index.php?rest_route=\/wp\/v2\/types\/post"}],"author":[{"embeddable":true,"href":"https:\/\/diarioregionaldigital.com.br\/index.php?rest_route=\/wp\/v2\/users\/96"}],"replies":[{"embeddable":true,"href":"https:\/\/diarioregionaldigital.com.br\/index.php?rest_route=%2Fwp%2Fv2%2Fcomments&post=138518"}],"version-history":[{"count":0,"href":"https:\/\/diarioregionaldigital.com.br\/index.php?rest_route=\/wp\/v2\/posts\/138518\/revisions"}],"wp:featuredmedia":[{"embeddable":true,"href":"https:\/\/diarioregionaldigital.com.br\/index.php?rest_route=\/wp\/v2\/media\/133443"}],"wp:attachment":[{"href":"https:\/\/diarioregionaldigital.com.br\/index.php?rest_route=%2Fwp%2Fv2%2Fmedia&parent=138518"}],"wp:term":[{"taxonomy":"category","embeddable":true,"href":"https:\/\/diarioregionaldigital.com.br\/index.php?rest_route=%2Fwp%2Fv2%2Fcategories&post=138518"},{"taxonomy":"post_tag","embeddable":true,"href":"https:\/\/diarioregionaldigital.com.br\/index.php?rest_route=%2Fwp%2Fv2%2Ftags&post=138518"}],"curies":[{"name":"wp","href":"https:\/\/api.w.org\/{rel}","templated":true}]}}