{"id":138499,"date":"2019-04-18T06:00:40","date_gmt":"2019-04-18T09:00:40","guid":{"rendered":"https:\/\/diarioregionaldigital.com.br\/?p=138499"},"modified":"2019-04-17T19:34:07","modified_gmt":"2019-04-17T22:34:07","slug":"comarca-debora-cristina-d-rodrigues-da-cruz-18-04-19","status":"publish","type":"post","link":"https:\/\/diarioregionaldigital.com.br\/?p=138499","title":{"rendered":"Comarca &#8211; D\u00e9bora Cristina D. Rodrigues da Cruz &#8211; 18\/04\/19"},"content":{"rendered":"<p>COMARCA DE JUIZ DE FORA-MG-SECRETARIA DA 8\u00aa VARA C\u00cdVEL \u2013EDITAL DE LEIL\u00c3O-\u00a0 O Dr.S\u00e9rgio Murilo Pacelli, MM.Juiz de Direito da 8\u00aa Vara C\u00edvel, na forma da Lei, FAZ SABER ,que tem curso perante este Ju\u00edzo e Secretariam os autos da A\u00e7\u00e3o de Execu\u00e7\u00e3o\u00a0 de Senten\u00e7a- no.0521662-25.2013.9.13.0145- sendo EXEQUENTE- ASSOCIA\u00c7\u00c3O PROPRIET\u00c1RIOS MORADORES FAZENDINHAS IPIRANGA E OUTROS e \u00a0EXECUTADA- D\u00c9BORA CRISTINA D. RODRIGUES DA CRUZ e Outros.Assim, \u00e9 o presente edital ,para conhecimento do p\u00fablico em geral, que ser\u00e1 levado \u00e1 Hasta P\u00fablica dia 15(quinze ) de maio \u00e1s 14,00(quatorze) horas, no sagu\u00e3o do F\u00f3rum Benjamin Colucci, sito \u00e1 Rua marechal Deodoro, 662, nesta cidade, o seguinte bem- um Lote- da Granja 2N,Gleba 02, com 1.49 m2ha,com edifica\u00e7\u00e3o, Registro no.46285 ,\u00a0\u00a0 no Cart\u00f3rio do 1\u00ba.Of\u00edcio de Im\u00f3veis ,no CONDOM\u00cdNIO FAZENDINHAS IPIRANGA , que\u00a0 tamb\u00e9m encontra-se registrado na Prefeitura Municipal de Juiz de Fora, sob o no.085.653\/013- \u00a0avaliado em R$80.000,00(oitenta mil reais) para venda e arremata\u00e7\u00e3o, a quem melhor Lance oferecer acima do valor da avalia\u00e7\u00e3o.Se n\u00e3o houver Licitantes em Primeiro Leil\u00e3o , o bem ser\u00e1 novamente levado \u00e0 Pra\u00e7a, no dia 05(cinco)\u00a0 de Junho as quatorze(14) horas, n\u00e3o sendo admitido valor abaixo de <u>75%,(setenta e cento por cento)<\/u> da avalia\u00e7\u00e3o,com pagamento \u00e0 vista, conforme determina\u00e7\u00e3o Judicial, para arremata\u00e7\u00e3o, tudo de acordo com os arts. 886\u00a0 e 887 do NCPC.Ficam os executados acima nomeados, intimados das datas acima referidas, assim como seus procuradores, caso n\u00e3o sejam encontrados pessoalmente.Juiz de Fora,09 de Abril de 2019-Angela Bechara-Leiloeira Oficial mat.077<\/p>\n","protected":false},"excerpt":{"rendered":"<p>COMARCA DE JUIZ DE FORA-MG-SECRETARIA DA 8\u00aa VARA C\u00cdVEL \u2013EDITAL DE LEIL\u00c3O-\u00a0 O Dr.S\u00e9rgio Murilo Pacelli, MM.Juiz de Direito da 8\u00aa Vara C\u00edvel, na forma da Lei, FAZ SABER ,que tem curso perante este Ju\u00edzo e Secretariam os autos da A\u00e7\u00e3o de Execu\u00e7\u00e3o\u00a0 de Senten\u00e7a- no.0521662-25.2013.9.13.0145- sendo EXEQUENTE- ASSOCIA\u00c7\u00c3O PROPRIET\u00c1RIOS MORADORES FAZENDINHAS IPIRANGA E OUTROS [&hellip;]<\/p>\n","protected":false},"author":96,"featured_media":0,"comment_status":"closed","ping_status":"closed","sticky":false,"template":"","format":"standard","meta":{"footnotes":""},"categories":[307],"tags":[],"class_list":["post-138499","post","type-post","status-publish","format-standard","hentry","category-editais"],"_links":{"self":[{"href":"https:\/\/diarioregionaldigital.com.br\/index.php?rest_route=\/wp\/v2\/posts\/138499","targetHints":{"allow":["GET"]}}],"collection":[{"href":"https:\/\/diarioregionaldigital.com.br\/index.php?rest_route=\/wp\/v2\/posts"}],"about":[{"href":"https:\/\/diarioregionaldigital.com.br\/index.php?rest_route=\/wp\/v2\/types\/post"}],"author":[{"embeddable":true,"href":"https:\/\/diarioregionaldigital.com.br\/index.php?rest_route=\/wp\/v2\/users\/96"}],"replies":[{"embeddable":true,"href":"https:\/\/diarioregionaldigital.com.br\/index.php?rest_route=%2Fwp%2Fv2%2Fcomments&post=138499"}],"version-history":[{"count":0,"href":"https:\/\/diarioregionaldigital.com.br\/index.php?rest_route=\/wp\/v2\/posts\/138499\/revisions"}],"wp:attachment":[{"href":"https:\/\/diarioregionaldigital.com.br\/index.php?rest_route=%2Fwp%2Fv2%2Fmedia&parent=138499"}],"wp:term":[{"taxonomy":"category","embeddable":true,"href":"https:\/\/diarioregionaldigital.com.br\/index.php?rest_route=%2Fwp%2Fv2%2Fcategories&post=138499"},{"taxonomy":"post_tag","embeddable":true,"href":"https:\/\/diarioregionaldigital.com.br\/index.php?rest_route=%2Fwp%2Fv2%2Ftags&post=138499"}],"curies":[{"name":"wp","href":"https:\/\/api.w.org\/{rel}","templated":true}]}}