{"id":138488,"date":"2019-04-18T06:00:29","date_gmt":"2019-04-18T09:00:29","guid":{"rendered":"https:\/\/diarioregionaldigital.com.br\/?p=138488"},"modified":"2019-04-17T18:57:28","modified_gmt":"2019-04-17T21:57:28","slug":"grau-maximo","status":"publish","type":"post","link":"https:\/\/diarioregionaldigital.com.br\/?p=138488","title":{"rendered":"Grau M\u00e1ximo"},"content":{"rendered":"<p style=\"text-align: center;\"><strong>Em Alta<\/strong><\/p>\n<p style=\"text-align: center;\">A elegante secret\u00e1ria de Desenvolvimento Social Beth Juc\u00e1 \u00e9 refer\u00eancia juiz-forana de solidariedade. Ela integra o grupo de trabalho para resgatar a atividade econ\u00f4mica e tur\u00edstica de Brumadinho.<\/p>\n<p style=\"text-align: center;\"><strong>Grau M\u00e1ximo<\/strong><\/p>\n<p style=\"text-align: center;\">\u00d3tima not\u00edcia chega para esta coluna dando conta que a Santa Casa de Miseric\u00f3rdia de Juiz de Fora integra, pelo terceiro ano consecutivo, a lista nacional dos hospitais que apresentam alta ades\u00e3o \u00e0s Pr\u00e1ticas de Seguran\u00e7a do Paciente da Anvisa.<\/p>\n<p style=\"text-align: center;\"><strong>Olha S\u00f3<\/strong><\/p>\n<p style=\"text-align: center;\">Em tempo de \u2018causar\u2019 como o time de futebol do momento, o Flamengo \u00e9 a bola da vez. Depois de fechar um patroc\u00ednio com o banco digital BS2, o clube est\u00e1 prestes assinar com uma empresa para exibir sua logomarca nas mangas da camisa do uniforme do time. Com certeza, uma vez Flamengo, sempre Flamengo.<\/p>\n<p style=\"text-align: center;\"><strong>Na Moda <\/strong><\/p>\n<p style=\"text-align: center;\">Antenad\u00edssimo, com estilo e tend\u00eancia, o estilista Vitorino Campos \u00e9 o mais novo embaixador da moda do Senac-RJ . Atuando h\u00e1 dez anos na moda brasileira, sua meta \u00e9 contribuir com a forma\u00e7\u00e3o de novos designers, sobretudo, pela troca de saberes. Ponto para ele!<\/p>\n<div id=\"attachment_138468\" style=\"width: 690px\" class=\"wp-caption aligncenter\"><img loading=\"lazy\" decoding=\"async\" aria-describedby=\"caption-attachment-138468\" class=\"wp-image-138468\" src=\"https:\/\/diarioregionaldigital.com.br\/wp-content\/uploads\/2019\/04\/fotoa-12-e1555533232462.jpg\" alt=\"\" width=\"680\" height=\"548\" srcset=\"https:\/\/diarioregionaldigital.com.br\/wp-content\/uploads\/2019\/04\/fotoa-12-e1555533232462.jpg 1177w, https:\/\/diarioregionaldigital.com.br\/wp-content\/uploads\/2019\/04\/fotoa-12-e1555533232462-300x242.jpg 300w, https:\/\/diarioregionaldigital.com.br\/wp-content\/uploads\/2019\/04\/fotoa-12-e1555533232462-768x619.jpg 768w, https:\/\/diarioregionaldigital.com.br\/wp-content\/uploads\/2019\/04\/fotoa-12-e1555533232462-1024x825.jpg 1024w, https:\/\/diarioregionaldigital.com.br\/wp-content\/uploads\/2019\/04\/fotoa-12-e1555533232462-360x290.jpg 360w\" sizes=\"auto, (max-width: 680px) 100vw, 680px\" \/><p id=\"caption-attachment-138468\" class=\"wp-caption-text\">Despedindo do ver\u00e3o em Angra dos Reis a bela Rafaela Fernandes<\/p><\/div>\n<div id=\"attachment_138473\" style=\"width: 690px\" class=\"wp-caption aligncenter\"><img loading=\"lazy\" decoding=\"async\" aria-describedby=\"caption-attachment-138473\" class=\"wp-image-138473\" src=\"https:\/\/diarioregionaldigital.com.br\/wp-content\/uploads\/2019\/04\/fotocc-e1555533329563.jpg\" alt=\"\" width=\"680\" height=\"467\" srcset=\"https:\/\/diarioregionaldigital.com.br\/wp-content\/uploads\/2019\/04\/fotocc-e1555533329563.jpg 856w, https:\/\/diarioregionaldigital.com.br\/wp-content\/uploads\/2019\/04\/fotocc-e1555533329563-300x206.jpg 300w, https:\/\/diarioregionaldigital.com.br\/wp-content\/uploads\/2019\/04\/fotocc-e1555533329563-768x528.jpg 768w, https:\/\/diarioregionaldigital.com.br\/wp-content\/uploads\/2019\/04\/fotocc-e1555533329563-360x247.jpg 360w, https:\/\/diarioregionaldigital.com.br\/wp-content\/uploads\/2019\/04\/fotocc-e1555533329563-100x70.jpg 100w\" sizes=\"auto, (max-width: 680px) 100vw, 680px\" \/><p id=\"caption-attachment-138473\" class=\"wp-caption-text\">Daisy Viana recebe de Eduardo Gomes uma cesta de P\u00e1scoa do D\u2019Atelier Maria Pipoca no sorteio promovido pelo Di\u00e1rio Regional<\/p><\/div>\n<div id=\"attachment_138469\" style=\"width: 690px\" class=\"wp-caption aligncenter\"><img loading=\"lazy\" decoding=\"async\" aria-describedby=\"caption-attachment-138469\" class=\"wp-image-138469\" src=\"https:\/\/diarioregionaldigital.com.br\/wp-content\/uploads\/2019\/04\/fotoaa-7-e1555533261165.jpg\" alt=\"\" width=\"680\" height=\"506\" srcset=\"https:\/\/diarioregionaldigital.com.br\/wp-content\/uploads\/2019\/04\/fotoaa-7-e1555533261165.jpg 536w, https:\/\/diarioregionaldigital.com.br\/wp-content\/uploads\/2019\/04\/fotoaa-7-e1555533261165-300x223.jpg 300w, https:\/\/diarioregionaldigital.com.br\/wp-content\/uploads\/2019\/04\/fotoaa-7-e1555533261165-360x268.jpg 360w\" sizes=\"auto, (max-width: 680px) 100vw, 680px\" \/><p id=\"caption-attachment-138469\" class=\"wp-caption-text\">No evento Hair Brasil em S\u00e3o Paulo, o artista L\u00e9o \u00c1quila e o coiffeur Rhuan Fontes<\/p><\/div>\n<div id=\"attachment_138471\" style=\"width: 690px\" class=\"wp-caption aligncenter\"><img loading=\"lazy\" decoding=\"async\" aria-describedby=\"caption-attachment-138471\" class=\"wp-image-138471\" src=\"https:\/\/diarioregionaldigital.com.br\/wp-content\/uploads\/2019\/04\/fotobb-3-e1555533286451.jpg\" alt=\"\" width=\"680\" height=\"504\" srcset=\"https:\/\/diarioregionaldigital.com.br\/wp-content\/uploads\/2019\/04\/fotobb-3-e1555533286451.jpg 540w, https:\/\/diarioregionaldigital.com.br\/wp-content\/uploads\/2019\/04\/fotobb-3-e1555533286451-300x222.jpg 300w, https:\/\/diarioregionaldigital.com.br\/wp-content\/uploads\/2019\/04\/fotobb-3-e1555533286451-360x267.jpg 360w\" sizes=\"auto, (max-width: 680px) 100vw, 680px\" \/><p id=\"caption-attachment-138471\" class=\"wp-caption-text\">O cantor Bruno Falc\u00e3o atra\u00e7\u00e3o do Bar Saloon no domingo de P\u00e1scoa<\/p><\/div>\n<div id=\"attachment_138477\" style=\"width: 690px\" class=\"wp-caption aligncenter\"><img loading=\"lazy\" decoding=\"async\" aria-describedby=\"caption-attachment-138477\" class=\"wp-image-138477\" src=\"https:\/\/diarioregionaldigital.com.br\/wp-content\/uploads\/2019\/04\/fotof-11-e1555533351929.jpg\" alt=\"\" width=\"680\" height=\"483\" srcset=\"https:\/\/diarioregionaldigital.com.br\/wp-content\/uploads\/2019\/04\/fotof-11-e1555533351929.jpg 1096w, https:\/\/diarioregionaldigital.com.br\/wp-content\/uploads\/2019\/04\/fotof-11-e1555533351929-300x213.jpg 300w, https:\/\/diarioregionaldigital.com.br\/wp-content\/uploads\/2019\/04\/fotof-11-e1555533351929-768x546.jpg 768w, https:\/\/diarioregionaldigital.com.br\/wp-content\/uploads\/2019\/04\/fotof-11-e1555533351929-1024x728.jpg 1024w, https:\/\/diarioregionaldigital.com.br\/wp-content\/uploads\/2019\/04\/fotof-11-e1555533351929-360x256.jpg 360w, https:\/\/diarioregionaldigital.com.br\/wp-content\/uploads\/2019\/04\/fotof-11-e1555533351929-100x70.jpg 100w\" sizes=\"auto, (max-width: 680px) 100vw, 680px\" \/><p id=\"caption-attachment-138477\" class=\"wp-caption-text\">Em Bras\u00edlia, o belo administrador Guilherme Nascimento<\/p><\/div>\n<div id=\"attachment_138478\" style=\"width: 690px\" class=\"wp-caption aligncenter\"><img loading=\"lazy\" decoding=\"async\" aria-describedby=\"caption-attachment-138478\" class=\"wp-image-138478\" src=\"https:\/\/diarioregionaldigital.com.br\/wp-content\/uploads\/2019\/04\/fotoh-7-e1555533378510.jpg\" alt=\"\" width=\"680\" height=\"466\" srcset=\"https:\/\/diarioregionaldigital.com.br\/wp-content\/uploads\/2019\/04\/fotoh-7-e1555533378510.jpg 1129w, https:\/\/diarioregionaldigital.com.br\/wp-content\/uploads\/2019\/04\/fotoh-7-e1555533378510-300x206.jpg 300w, https:\/\/diarioregionaldigital.com.br\/wp-content\/uploads\/2019\/04\/fotoh-7-e1555533378510-768x527.jpg 768w, https:\/\/diarioregionaldigital.com.br\/wp-content\/uploads\/2019\/04\/fotoh-7-e1555533378510-1024x702.jpg 1024w, https:\/\/diarioregionaldigital.com.br\/wp-content\/uploads\/2019\/04\/fotoh-7-e1555533378510-360x247.jpg 360w, https:\/\/diarioregionaldigital.com.br\/wp-content\/uploads\/2019\/04\/fotoh-7-e1555533378510-100x70.jpg 100w\" sizes=\"auto, (max-width: 680px) 100vw, 680px\" \/><p id=\"caption-attachment-138478\" class=\"wp-caption-text\">Em B\u00fazios localizando, o empres\u00e1rio e arquiteto Lucas Lorhan<\/p><\/div>\n<div id=\"attachment_138472\" style=\"width: 690px\" class=\"wp-caption aligncenter\"><img loading=\"lazy\" decoding=\"async\" aria-describedby=\"caption-attachment-138472\" class=\"wp-image-138472\" src=\"https:\/\/diarioregionaldigital.com.br\/wp-content\/uploads\/2019\/04\/fotoc-12-e1555533306252.jpg\" alt=\"\" width=\"680\" height=\"507\" srcset=\"https:\/\/diarioregionaldigital.com.br\/wp-content\/uploads\/2019\/04\/fotoc-12-e1555533306252.jpg 1174w, https:\/\/diarioregionaldigital.com.br\/wp-content\/uploads\/2019\/04\/fotoc-12-e1555533306252-300x224.jpg 300w, https:\/\/diarioregionaldigital.com.br\/wp-content\/uploads\/2019\/04\/fotoc-12-e1555533306252-768x572.jpg 768w, https:\/\/diarioregionaldigital.com.br\/wp-content\/uploads\/2019\/04\/fotoc-12-e1555533306252-1024x763.jpg 1024w, https:\/\/diarioregionaldigital.com.br\/wp-content\/uploads\/2019\/04\/fotoc-12-e1555533306252-360x268.jpg 360w\" sizes=\"auto, (max-width: 680px) 100vw, 680px\" \/><p id=\"caption-attachment-138472\" class=\"wp-caption-text\">Na Assunta, Florinha Carmo aniversariou e festejou com Maria Pires, Deninha Toledo e Wanda Magnolo<\/p><\/div>\n<p style=\"text-align: center;\"><strong>FOTOSS\u00cdNTESE<\/strong><\/p>\n<p>Eterno cantor do r\u00e1dio Bruno Falc\u00e3o volta a se apresentar no Bar Saloon em Santa Terezinha no domingo, 21, \u00e0s 17h. Haver\u00e1 sorteios e promo\u00e7\u00f5es de bebidas. Aplausos.<\/p>\n<p>Com o show \u201cBandeira da F\u00e9\u201d, o cantor Martinho da Vila se apresenta dia 30, v\u00e9spera de feriado, no Cine-Theatro Central.<\/p>\n<p>Em not\u00edcia maravilhosa a ArcelorMittal anunciou que vai renovar o patroc\u00ednio de R$ 290 mil com o JF-V\u00f4lei para a temporada 2019\/2020.<\/p>\n<p>Com exposi\u00e7\u00e3o de artefatos, viaturas e palestras sobre sa\u00fade no Shopping Jardim Norte, a 4\u00aa Brigada e o Hospital Geral Militar comemoram os 371 anos do Ex\u00e9rcito Brasileiro, que \u00e9 celebrado dia 19.<\/p>\n<p>Virou moda na cidade fazer celebra\u00e7\u00f5es na Assunta. O lugar \u00e9 bel\u00edssimo e encantou cantores e atores que se apresentaram na cidade.<\/p>\n<p>Emilio Aleixo, Ana Maria Rodrigues, Mariana Noronha, Aroldo Pagy Thess, J\u00falio Feitosa, Fernand\u00e3o Assad, Let\u00edcia Teixeira, Ros\u00e2ngelo Tadeu e este colunista marcaram presen\u00e7a no Coquetel de lan\u00e7amento do T-Cross \u2013 novo SUV da Volkswagen. As del\u00edcias de Celinho Vidal, Paella de Marc\u00e3o de Paula e Cerveja Golem embalaram os convidados, na Thema.<\/p>\n<p>Formadores de opini\u00e3o e jornalistas estiveram presentes na solenidade de inaugura\u00e7\u00e3o do Jardim Bot\u00e2nico de Juiz de Fora. O brunch sob coordena\u00e7\u00e3o de Yuri Feliciano com os alunos de gastronomia do CES\/JF foi elogiad\u00edssimo.<\/p>\n<p>Gente elegante de Juiz de Fora brindaram com champanhe franc\u00eas (Veuve Clicot) o casamento de Lilian Macedo Gomes e Nelson Belotti, no Itanhang\u00e1 Golf Clube, no Rio de Janeiro. Circulando em meio a deslumbrante decora\u00e7\u00e3o e buffet 5 estrelas juntos com este colunista, anotamos: Jo\u00e3o Carlos Arantes, Vit\u00f3ria Arantes Portugal, Ticiane e Ieda Ciampi, M\u00f4nica Gomide Guimar\u00e3es e Carlos Henrique Batitucci, Sandra Cordeiro, Wanda e Talita Magnolo, Jorge J\u00fanior e Mauro Lipp, Virginia Olimpio e Luciano Gomes, os pais da noiva Ivete Macedo Gomes e Toinho Gomes e Marcilio Gomes. Cobertura com fotos na coluna de domingo.Para o dia 5 de maio, a 1\u00aa Corrida Bahamas, com 12km, com percurso \u201cQuero Correr\u201d ter\u00e1 super kit com camisa, chinelo, sacochila, viseira e a BR-040 como cen\u00e1rio.<\/p>\n<p>Claudia Matos, Aislan Vinicius, Cesar Romero e V\u00e2nia De Landa foram vistos na Feijoada da Ascomcer.<\/p>\n<p>Para anotar: \u201cVoc\u00ea n\u00e3o nasce l\u00edder, voc\u00ea se torna l\u00edder no processo de vida com os outros\u201d. (Mario Sergio Cortella). Bom dia.<\/p>\n<p><img loading=\"lazy\" decoding=\"async\" class=\"aligncenter size-full wp-image-137824\" src=\"https:\/\/diarioregionaldigital.com.br\/wp-content\/uploads\/2019\/04\/arte-nova.jpg\" alt=\"\" width=\"3493\" height=\"2431\" srcset=\"https:\/\/diarioregionaldigital.com.br\/wp-content\/uploads\/2019\/04\/arte-nova.jpg 3493w, https:\/\/diarioregionaldigital.com.br\/wp-content\/uploads\/2019\/04\/arte-nova-300x210.jpg 300w, https:\/\/diarioregionaldigital.com.br\/wp-content\/uploads\/2019\/04\/arte-nova-768x534.jpg 768w, https:\/\/diarioregionaldigital.com.br\/wp-content\/uploads\/2019\/04\/arte-nova-1024x713.jpg 1024w, https:\/\/diarioregionaldigital.com.br\/wp-content\/uploads\/2019\/04\/arte-nova-360x251.jpg 360w, https:\/\/diarioregionaldigital.com.br\/wp-content\/uploads\/2019\/04\/arte-nova-100x70.jpg 100w\" sizes=\"auto, (max-width: 3493px) 100vw, 3493px\" \/><\/p>\n","protected":false},"excerpt":{"rendered":"<p>Em Alta A elegante secret\u00e1ria de Desenvolvimento Social Beth Juc\u00e1 \u00e9 refer\u00eancia juiz-forana de solidariedade. Ela integra o grupo de trabalho para resgatar a atividade econ\u00f4mica e tur\u00edstica de Brumadinho. Grau M\u00e1ximo \u00d3tima not\u00edcia chega para esta coluna dando conta que a Santa Casa de Miseric\u00f3rdia de Juiz de Fora integra, pelo terceiro ano consecutivo, [&hellip;]<\/p>\n","protected":false},"author":96,"featured_media":138468,"comment_status":"closed","ping_status":"closed","sticky":false,"template":"","format":"standard","meta":{"footnotes":""},"categories":[264],"tags":[],"class_list":["post-138488","post","type-post","status-publish","format-standard","has-post-thumbnail","hentry","category-eduardo-gomes"],"_links":{"self":[{"href":"https:\/\/diarioregionaldigital.com.br\/index.php?rest_route=\/wp\/v2\/posts\/138488","targetHints":{"allow":["GET"]}}],"collection":[{"href":"https:\/\/diarioregionaldigital.com.br\/index.php?rest_route=\/wp\/v2\/posts"}],"about":[{"href":"https:\/\/diarioregionaldigital.com.br\/index.php?rest_route=\/wp\/v2\/types\/post"}],"author":[{"embeddable":true,"href":"https:\/\/diarioregionaldigital.com.br\/index.php?rest_route=\/wp\/v2\/users\/96"}],"replies":[{"embeddable":true,"href":"https:\/\/diarioregionaldigital.com.br\/index.php?rest_route=%2Fwp%2Fv2%2Fcomments&post=138488"}],"version-history":[{"count":0,"href":"https:\/\/diarioregionaldigital.com.br\/index.php?rest_route=\/wp\/v2\/posts\/138488\/revisions"}],"wp:featuredmedia":[{"embeddable":true,"href":"https:\/\/diarioregionaldigital.com.br\/index.php?rest_route=\/wp\/v2\/media\/138468"}],"wp:attachment":[{"href":"https:\/\/diarioregionaldigital.com.br\/index.php?rest_route=%2Fwp%2Fv2%2Fmedia&parent=138488"}],"wp:term":[{"taxonomy":"category","embeddable":true,"href":"https:\/\/diarioregionaldigital.com.br\/index.php?rest_route=%2Fwp%2Fv2%2Fcategories&post=138488"},{"taxonomy":"post_tag","embeddable":true,"href":"https:\/\/diarioregionaldigital.com.br\/index.php?rest_route=%2Fwp%2Fv2%2Ftags&post=138488"}],"curies":[{"name":"wp","href":"https:\/\/api.w.org\/{rel}","templated":true}]}}