{"id":138464,"date":"2019-04-17T15:34:37","date_gmt":"2019-04-17T18:34:37","guid":{"rendered":"https:\/\/diarioregionaldigital.com.br\/?p=138464"},"modified":"2019-04-17T15:34:37","modified_gmt":"2019-04-17T18:34:37","slug":"primeiro-carro-hibrido-flex-do-mundo-e-lancado-no-brasil","status":"publish","type":"post","link":"https:\/\/diarioregionaldigital.com.br\/?p=138464","title":{"rendered":"Primeiro carro h\u00edbrido flex do mundo \u00e9 lan\u00e7ado no Brasil"},"content":{"rendered":"<p>O primeiro carro com propuls\u00e3o h\u00edbrido flex, ou seja, movido tanto pelos combust\u00edveis etanol e gasolina, como por eletricidade, come\u00e7a a ser produzido na cidade de Indaiatuba, interior paulista. O lan\u00e7amento foi feito nesta quarta-feira, 17, no Pal\u00e1cio dos Bandeirantes, sede do governo paulista.<\/p>\n<p>Com tecnologia brasileira, o ve\u00edculo do modelo Corolla ter\u00e1 um motor el\u00e9trico e outro de tecnologia flex fuel. O ve\u00edculo n\u00e3o foi projetado para ser recarregado na tomada, j\u00e1 que as vias p\u00fablicas brasileiras n\u00e3o est\u00e3o adaptadas para alimentar esse tipo de energia. A propuls\u00e3o el\u00e9trica, que ficar\u00e1 armazenada em bateria, \u00e9 gerada a partir do uso dos combust\u00edveis, cujo consumo deve reduzir em mais de 20%.<\/p>\n<h2>Investimento<\/h2>\n<p>O projeto da empresa Toyota recebeu investimento de R$ 1,6 bilh\u00f5es e deve gerar 900 empregos diretos. \u201cVamos seguir inovando e trazendo novas tecnologias e desenvolvimento industrial para S\u00e3o Paulo, inclusive com o IcentivAuto, programa que n\u00f3s lan\u00e7amos h\u00e1 cerca de 60 dias. Agora, tamb\u00e9m, a Toyota poder\u00e1 fazer uso dele\u201d, disse o governador Jo\u00e3o Doria.<\/p>\n<p>\u201cEste \u00e9 um setor muito importante, porque \u00e9 forte empregador, utilizador de tecnologia, tem uma rede robusta complementar de revendedores, fornecedores e \u00e9 uma cadeia produtiva de grande import\u00e2ncia\u201d, completou o governador.<\/p>\n<p>O presidente da Toyota no Brasil, Rafael Chang, falou sobre a import\u00e2ncia da inova\u00e7\u00e3o no pa\u00eds. \u201cO mais importante \u00e9 que estamos trazendo tecnologia para o Brasil. Essa tecnologia h\u00edbrida flex combina duas tecnologias muita limpas, a tecnologia h\u00edbrida e com utiliza\u00e7\u00e3o do etanol\u201d.<\/p>\n<p>O novo Corolla com propuls\u00e3o h\u00edbrido flex chega ao mercado consumidor em outubro, com expectativa de ser exportado para Argentina, Paraguai, Uruguai, Chile, Peru e Col\u00f4mbia no ano que vem. O valor de venda n\u00e3o foi divulgado.<\/p>\n<p>&nbsp;<\/p>\n<p>Fonte: Ag\u00eancia Brasil<\/p>\n","protected":false},"excerpt":{"rendered":"<p>O primeiro carro com propuls\u00e3o h\u00edbrido flex, ou seja, movido tanto pelos combust\u00edveis etanol e gasolina, como por eletricidade, come\u00e7a a ser produzido na cidade de Indaiatuba, interior paulista. O lan\u00e7amento foi feito nesta quarta-feira, 17, no Pal\u00e1cio dos Bandeirantes, sede do governo paulista. Com tecnologia brasileira, o ve\u00edculo do modelo Corolla ter\u00e1 um motor [&hellip;]<\/p>\n","protected":false},"author":96,"featured_media":138465,"comment_status":"closed","ping_status":"closed","sticky":false,"template":"","format":"standard","meta":{"footnotes":""},"categories":[436,261,262,439],"tags":[],"class_list":["post-138464","post","type-post","status-publish","format-standard","has-post-thumbnail","hentry","category-destaque-da-semana","category-economia","category-noticias","category-ultima-hora"],"_links":{"self":[{"href":"https:\/\/diarioregionaldigital.com.br\/index.php?rest_route=\/wp\/v2\/posts\/138464","targetHints":{"allow":["GET"]}}],"collection":[{"href":"https:\/\/diarioregionaldigital.com.br\/index.php?rest_route=\/wp\/v2\/posts"}],"about":[{"href":"https:\/\/diarioregionaldigital.com.br\/index.php?rest_route=\/wp\/v2\/types\/post"}],"author":[{"embeddable":true,"href":"https:\/\/diarioregionaldigital.com.br\/index.php?rest_route=\/wp\/v2\/users\/96"}],"replies":[{"embeddable":true,"href":"https:\/\/diarioregionaldigital.com.br\/index.php?rest_route=%2Fwp%2Fv2%2Fcomments&post=138464"}],"version-history":[{"count":0,"href":"https:\/\/diarioregionaldigital.com.br\/index.php?rest_route=\/wp\/v2\/posts\/138464\/revisions"}],"wp:featuredmedia":[{"embeddable":true,"href":"https:\/\/diarioregionaldigital.com.br\/index.php?rest_route=\/wp\/v2\/media\/138465"}],"wp:attachment":[{"href":"https:\/\/diarioregionaldigital.com.br\/index.php?rest_route=%2Fwp%2Fv2%2Fmedia&parent=138464"}],"wp:term":[{"taxonomy":"category","embeddable":true,"href":"https:\/\/diarioregionaldigital.com.br\/index.php?rest_route=%2Fwp%2Fv2%2Fcategories&post=138464"},{"taxonomy":"post_tag","embeddable":true,"href":"https:\/\/diarioregionaldigital.com.br\/index.php?rest_route=%2Fwp%2Fv2%2Ftags&post=138464"}],"curies":[{"name":"wp","href":"https:\/\/api.w.org\/{rel}","templated":true}]}}