{"id":138436,"date":"2019-04-17T17:00:01","date_gmt":"2019-04-17T20:00:01","guid":{"rendered":"https:\/\/diarioregionaldigital.com.br\/?p=138436"},"modified":"2019-04-17T19:12:14","modified_gmt":"2019-04-17T22:12:14","slug":"colisao-entre-onibus-deixa-feridos-na-cidade-alta","status":"publish","type":"post","link":"https:\/\/diarioregionaldigital.com.br\/?p=138436","title":{"rendered":"Colis\u00e3o entre \u00f4nibus deixa feridos na Cidade Alta"},"content":{"rendered":"<p>Uma colis\u00e3o entre dois \u00f4nibus, no final da manh\u00e3 desta quarta-feira, 17, na Rua Jos\u00e9 Louren\u00e7o Kelmer, na regi\u00e3o da Cidade Alta em Juiz de Fora, deixou motoristas e passageiros feridos. Segundo do Corpo de Bombeiro, pelo menos 18 pessoas ficaram feridas no acidente, entre elas os condutores dos coletivos. Os motoristas ficaram presos nas ferragens, por isso os bombeiros tiveram que serrar as ferragens paradar continuidade no resgate.<\/p>\n<p>O acidente aconteceu um pouco antes das 12 horas, quando um \u00f4nibus, que fazia a linha 755 (Zona Norte\/UFJF), da empresa ANSAL, seguia no sentido Centro\/UFJF, se colidiu com o outro coletivo, da linha 525-UFJF, da empresa TUSMIL, que seguia no sentindo oposto (UFJF\/Centro).<\/p>\n<p>Todas as v\u00edtimas foram resgatadas com vida e foram encaminhadas para os hospitais da cidade para atendimentos.At\u00e9 o fechamento desta mat\u00e9ria, a v\u00edtima com o estado mais grave, um homem de 44 anos, que teve fraturas no bra\u00e7o.<\/p>\n<p>No momento do acidente o asfalto estava molhado e, segundo informa\u00e7\u00f5es de testemunhas, o motorista de um dos coletivos invadiu a contra-m\u00e3o, ao desviar de uma carrocinha, que estava pela via. No momento do acidente a pista estava molhada, por\u00e9m as causas ser\u00e3o investigadas.<\/p>\n<p>Em nota, a ANSAL informou que a manuten\u00e7\u00e3o do ve\u00edculo estava em dia e que ir\u00e1 apurar as causas do acidente, que envolveu a linha 755, mas que a prioridade neste momento \u00e9 dar o suporte ao motorista e aos passageiros.<\/p>\n<p>A nossa equipe entrou em contato com a TUSMIL, mas nenhum respons\u00e1vel foi encontrado para falar sobre o assunto.<\/p>\n<p>&nbsp;<\/p>\n<p><strong>Segunda colis\u00e3o<\/strong><\/p>\n<p>Na tardedesta quarta-feira, outro \u00f4nibus que fazia a linha 203 (Marumbi), tamb\u00e9m da empresa ANSAL, bateu na traseira de coletivo da linha 402 (Alto Graja\u00fa) que estava parado no ponto da Avenida Rio Branco, na altura da rua Mister Moore.<\/p>\n<p>Neste segundo caso, n\u00e3o houve registro de v\u00edtimas segundo o SAMU. Nossa equipe pediu um posicionamento para a ANSAL, sobre este segundo ocorrido, mas n\u00e3o conseguimos respostas at\u00e9 o momento.<\/p>\n","protected":false},"excerpt":{"rendered":"<p>Uma colis\u00e3o entre dois \u00f4nibus, no final da manh\u00e3 desta quarta-feira, 17, na Rua Jos\u00e9 Louren\u00e7o Kelmer, na regi\u00e3o da Cidade Alta em Juiz de Fora, deixou motoristas e passageiros feridos. Segundo do Corpo de Bombeiro, pelo menos 18 pessoas ficaram feridas no acidente, entre elas os condutores dos coletivos. Os motoristas ficaram presos nas [&hellip;]<\/p>\n","protected":false},"author":96,"featured_media":138438,"comment_status":"closed","ping_status":"closed","sticky":false,"template":"","format":"standard","meta":{"footnotes":""},"categories":[253,436,440,262,439],"tags":[],"class_list":["post-138436","post","type-post","status-publish","format-standard","has-post-thumbnail","hentry","category-cidade","category-destaque-da-semana","category-destaques-do-dia","category-noticias","category-ultima-hora"],"_links":{"self":[{"href":"https:\/\/diarioregionaldigital.com.br\/index.php?rest_route=\/wp\/v2\/posts\/138436","targetHints":{"allow":["GET"]}}],"collection":[{"href":"https:\/\/diarioregionaldigital.com.br\/index.php?rest_route=\/wp\/v2\/posts"}],"about":[{"href":"https:\/\/diarioregionaldigital.com.br\/index.php?rest_route=\/wp\/v2\/types\/post"}],"author":[{"embeddable":true,"href":"https:\/\/diarioregionaldigital.com.br\/index.php?rest_route=\/wp\/v2\/users\/96"}],"replies":[{"embeddable":true,"href":"https:\/\/diarioregionaldigital.com.br\/index.php?rest_route=%2Fwp%2Fv2%2Fcomments&post=138436"}],"version-history":[{"count":0,"href":"https:\/\/diarioregionaldigital.com.br\/index.php?rest_route=\/wp\/v2\/posts\/138436\/revisions"}],"wp:featuredmedia":[{"embeddable":true,"href":"https:\/\/diarioregionaldigital.com.br\/index.php?rest_route=\/wp\/v2\/media\/138438"}],"wp:attachment":[{"href":"https:\/\/diarioregionaldigital.com.br\/index.php?rest_route=%2Fwp%2Fv2%2Fmedia&parent=138436"}],"wp:term":[{"taxonomy":"category","embeddable":true,"href":"https:\/\/diarioregionaldigital.com.br\/index.php?rest_route=%2Fwp%2Fv2%2Fcategories&post=138436"},{"taxonomy":"post_tag","embeddable":true,"href":"https:\/\/diarioregionaldigital.com.br\/index.php?rest_route=%2Fwp%2Fv2%2Ftags&post=138436"}],"curies":[{"name":"wp","href":"https:\/\/api.w.org\/{rel}","templated":true}]}}