{"id":138406,"date":"2019-04-16T19:56:03","date_gmt":"2019-04-16T22:56:03","guid":{"rendered":"https:\/\/diarioregionaldigital.com.br\/?p=138406"},"modified":"2019-04-16T20:01:51","modified_gmt":"2019-04-16T23:01:51","slug":"profissionais-e-estudantes-de-fisioterapia-fazem-manifestacao-contra-o-ensino-a-distancia","status":"publish","type":"post","link":"https:\/\/diarioregionaldigital.com.br\/?p=138406","title":{"rendered":"Profissionais e estudantes de Fisioterapia fazem manifesta\u00e7\u00e3o contra o ensino a dist\u00e2ncia"},"content":{"rendered":"<p>Estudantes e profissionais do curso de fisioterapia de diversas institui\u00e7\u00f5es e diretores do Conselho Regional de Fisioterapia e Terapia Ocupacional da 4\u00aa Regi\u00e3o (CREFITO-4 MG) fizeram uma a\u00e7\u00e3o, no Cal\u00e7ad\u00e3o da Rua Halfed, na tarde dessa ter\u00e7a-feira, 16, contra a modalidade de Ensino a Dist\u00e2ncia (EAD) para o curso de fisioterapia.<\/p>\n<p>O movimento foi realizado com o objetivo de alertar para a sociedade dos preju\u00edzos que esse tipo de forma\u00e7\u00e3o pode trazer aos alunos, futuros profissionais, e para a sa\u00fade de toda a popula\u00e7\u00e3o que poder\u00e1 precisar deste profissional no futuro.<\/p>\n<p>O grupo fez uma caminhada pelas ruas da regi\u00e3o central da cidade, distribuindo folders para a popula\u00e7\u00e3o com dados sobre a campanha para mobilizar a sociedade.<\/p>\n<p>Segundo Anderson Lu\u00eds Coelho, presidente do CREFITO-4 MG, em Minas Gerais, existem 112 cursos de fisioterapia, sendo 17 ofertados na modalidade EAD, em Juiz de Fora, s\u00e3o 7 cursos presenciais.<\/p>\n<p>O conselho n\u00e3o \u00e9 contra o uso das tecnologias, desde que elas sirvam para complementar a carga hor\u00e1ria m\u00ednima desses cursos. Se for para inova\u00e7\u00e3o e que n\u00e3o seja para a redu\u00e7\u00e3o de gastos dessas institui\u00e7\u00f5es, com baixos v\u00ednculos empregat\u00edcios, n\u00f3s somos a favor, mas n\u00e3o podemos aceitar que as institui\u00e7\u00f5es com mais de 100 mil alunos tenham 7 tutores, que gravem essas aulas e que fiquem repetindo durante anos para os alunos. A atualiza\u00e7\u00e3o cient\u00edfica n\u00e3o \u00e9 atualizada dessa forma, pois assim n\u00e3o existe a troca de experi\u00eancias entre alunos e professores, n\u00e3o existe a viv\u00eancia para o espelhamento nos seus mestres eolhando pelo lado de postura profissional\u201d, relata Anderson Lu\u00eds.<\/p>\n<div id=\"attachment_138408\" style=\"width: 495px\" class=\"wp-caption aligncenter\"><img loading=\"lazy\" decoding=\"async\" aria-describedby=\"caption-attachment-138408\" class=\" wp-image-138408\" src=\"https:\/\/diarioregionaldigital.com.br\/wp-content\/uploads\/2019\/04\/RAFAELA-FRUTUOSO-USAR-ESSA-2-2-300x200.jpg\" alt=\"\" width=\"485\" height=\"323\" srcset=\"https:\/\/diarioregionaldigital.com.br\/wp-content\/uploads\/2019\/04\/RAFAELA-FRUTUOSO-USAR-ESSA-2-2-300x200.jpg 300w, https:\/\/diarioregionaldigital.com.br\/wp-content\/uploads\/2019\/04\/RAFAELA-FRUTUOSO-USAR-ESSA-2-2-768x512.jpg 768w, https:\/\/diarioregionaldigital.com.br\/wp-content\/uploads\/2019\/04\/RAFAELA-FRUTUOSO-USAR-ESSA-2-2-1024x683.jpg 1024w, https:\/\/diarioregionaldigital.com.br\/wp-content\/uploads\/2019\/04\/RAFAELA-FRUTUOSO-USAR-ESSA-2-2-360x240.jpg 360w\" sizes=\"auto, (max-width: 485px) 100vw, 485px\" \/><p id=\"caption-attachment-138408\" class=\"wp-caption-text\">Foto: Rafaela Frutuoso<\/p><\/div>\n<p>Para o estudante do 6\u00ba per\u00edodo do curso de fisioterapia, William Marquinis, o curso a dist\u00e2ncia mata toda experi\u00eancia e viv\u00eancia necess\u00e1ria entre o aluno e o paciente. \u201cMudan\u00e7a do curso presencial para o EAD, que vem matando praticamente o nosso curso, tirando esse contato pessoal do aluno com o professor, que \u00e9 muito importante para nosso aprendizado. O ensino a dist\u00e2ncia vem matando essa troca de experi\u00eancia entre o professor e aluno, que eu considero algo muito importante para enriquecer o nosso conhecimento e o nosso dia a dia dentro da faculdade\u201d.<\/p>\n<p>A estudante Samita Rossi Barbosa, tamb\u00e9m estudante do 6\u00ba per\u00edodo de fisioterapia, relata a import\u00e2ncia do curso presencial, alegando ser imposs\u00edvel o aluno ter sensibilidade de um atendimento sem ao menos ter um contato f\u00edsico com os pacientes.\u201cO ensino presencial \u00e9 fundamental para que possamos tirar d\u00favidas, ou indagar os nossos professores, sobre determinadas situa\u00e7\u00f5es, que eu vejo que n\u00e3o \u00e9 poss\u00edvel atrav\u00e9s do ensino fundamental. \u00c9 imposs\u00edvel voc\u00ea ensinar o aluno, uma mat\u00e9ria, que voc\u00ea precisa de ter a sensibilidade para colocar a m\u00e3o em um paciente, tendo um contato f\u00edsico. \u00c9 fundamental, nos alunos dos cursos de fisioterapia, lutar pelo direito do nosso curso ser 100% presencial, sem ensino a dist\u00e2ncia\u201d.<\/p>\n<p>\u201cAcho que quem perde mais com esse ensino a dist\u00e2ncia \u00e9 o aluno e o paciente, pois o aluno n\u00e3o conseguir\u00e1 ter essa viv\u00eancia e o paciente n\u00e3o ter\u00e1 um profissional de qualidade, j\u00e1 que ele nunca teve um contato pr\u00e9vio com o paciente\u201d, finaliza a estudante.<\/p>\n<p>Al\u00e9m do protesto, o CREFITO-4 MG realizou outras a\u00e7\u00f5es em Juiz<br \/>\nde Fora dentro da campanha de combate ao EAD na sa\u00fade e na Fisioterapia.<br \/>\nForam instalados, em pontos estrat\u00e9gicos do munic\u00edpio,pain\u00e9is de LED e Front Light (semelhante ao outdoor) com dizeres<br \/>\nreferentes ao tema, como \u201cCursar fisioterapia? S\u00f3 se for presencial!\u201d.<\/p>\n<p>&nbsp;<\/p>\n","protected":false},"excerpt":{"rendered":"<p>Estudantes e profissionais do curso de fisioterapia de diversas institui\u00e7\u00f5es e diretores do Conselho Regional de Fisioterapia e Terapia Ocupacional da 4\u00aa Regi\u00e3o (CREFITO-4 MG) fizeram uma a\u00e7\u00e3o, no Cal\u00e7ad\u00e3o da Rua Halfed, na tarde dessa ter\u00e7a-feira, 16, contra a modalidade de Ensino a Dist\u00e2ncia (EAD) para o curso de fisioterapia. O movimento foi realizado [&hellip;]<\/p>\n","protected":false},"author":96,"featured_media":138410,"comment_status":"closed","ping_status":"closed","sticky":false,"template":"","format":"standard","meta":{"footnotes":""},"categories":[253,436,440,439],"tags":[],"class_list":["post-138406","post","type-post","status-publish","format-standard","has-post-thumbnail","hentry","category-cidade","category-destaque-da-semana","category-destaques-do-dia","category-ultima-hora"],"_links":{"self":[{"href":"https:\/\/diarioregionaldigital.com.br\/index.php?rest_route=\/wp\/v2\/posts\/138406","targetHints":{"allow":["GET"]}}],"collection":[{"href":"https:\/\/diarioregionaldigital.com.br\/index.php?rest_route=\/wp\/v2\/posts"}],"about":[{"href":"https:\/\/diarioregionaldigital.com.br\/index.php?rest_route=\/wp\/v2\/types\/post"}],"author":[{"embeddable":true,"href":"https:\/\/diarioregionaldigital.com.br\/index.php?rest_route=\/wp\/v2\/users\/96"}],"replies":[{"embeddable":true,"href":"https:\/\/diarioregionaldigital.com.br\/index.php?rest_route=%2Fwp%2Fv2%2Fcomments&post=138406"}],"version-history":[{"count":0,"href":"https:\/\/diarioregionaldigital.com.br\/index.php?rest_route=\/wp\/v2\/posts\/138406\/revisions"}],"wp:featuredmedia":[{"embeddable":true,"href":"https:\/\/diarioregionaldigital.com.br\/index.php?rest_route=\/wp\/v2\/media\/138410"}],"wp:attachment":[{"href":"https:\/\/diarioregionaldigital.com.br\/index.php?rest_route=%2Fwp%2Fv2%2Fmedia&parent=138406"}],"wp:term":[{"taxonomy":"category","embeddable":true,"href":"https:\/\/diarioregionaldigital.com.br\/index.php?rest_route=%2Fwp%2Fv2%2Fcategories&post=138406"},{"taxonomy":"post_tag","embeddable":true,"href":"https:\/\/diarioregionaldigital.com.br\/index.php?rest_route=%2Fwp%2Fv2%2Ftags&post=138406"}],"curies":[{"name":"wp","href":"https:\/\/api.w.org\/{rel}","templated":true}]}}