{"id":138403,"date":"2019-04-16T19:01:09","date_gmt":"2019-04-16T22:01:09","guid":{"rendered":"https:\/\/diarioregionaldigital.com.br\/?p=138403"},"modified":"2019-04-16T19:01:09","modified_gmt":"2019-04-16T22:01:09","slug":"rodrigo-mattos-e-o-novo-lider-do-executivo-na-camara-municipal","status":"publish","type":"post","link":"https:\/\/diarioregionaldigital.com.br\/?p=138403","title":{"rendered":"Rodrigo Mattos \u00e9 o novo l\u00edder do Executivo na C\u00e2mara Municipal"},"content":{"rendered":"<p>O novo l\u00edder do Executivo na C\u00e2mara Municipal de Juiz de Fora \u00e9 o vereador Rodrigo Mattos (PHS). O presidente da Casa, vereador Luiz Ot\u00e1vio Coelho &#8211; Pardal (PTC), leu em plen\u00e1rio o of\u00edcio com decis\u00e3o do prefeito Ant\u00f4nio Almas (PSDB) nesta ter\u00e7a-feira,16. Essa \u00e9 a primeira vez que o Rodrigo Mattos assume a lideran\u00e7a.<\/p>\n<p>Na tribuna, Mattos discursou agradecendo a indica\u00e7\u00e3o e afirmando que a miss\u00e3o \u00e9 de ajudar o Executivo. \u201cNossa inten\u00e7\u00e3o \u00e9 ampliar o di\u00e1logo entre os vereadores e o Executivo, para fazer a interlocu\u00e7\u00e3o sobre os projetos e todas as demandas necess\u00e1rias.O prefeito \u00e9 um homem honesto e bem intencionado. A expectativa \u00e9 que venham boas not\u00edcias para ajudarmos a fazer de Juiz de Fora uma cidade cada vez melhor\u201d, falou.<\/p>\n","protected":false},"excerpt":{"rendered":"<p>O novo l\u00edder do Executivo na C\u00e2mara Municipal de Juiz de Fora \u00e9 o vereador Rodrigo Mattos (PHS). O presidente da Casa, vereador Luiz Ot\u00e1vio Coelho &#8211; Pardal (PTC), leu em plen\u00e1rio o of\u00edcio com decis\u00e3o do prefeito Ant\u00f4nio Almas (PSDB) nesta ter\u00e7a-feira,16. Essa \u00e9 a primeira vez que o Rodrigo Mattos assume a lideran\u00e7a. [&hellip;]<\/p>\n","protected":false},"author":96,"featured_media":138404,"comment_status":"closed","ping_status":"closed","sticky":false,"template":"","format":"standard","meta":{"footnotes":""},"categories":[253,436,440,439],"tags":[],"class_list":["post-138403","post","type-post","status-publish","format-standard","has-post-thumbnail","hentry","category-cidade","category-destaque-da-semana","category-destaques-do-dia","category-ultima-hora"],"_links":{"self":[{"href":"https:\/\/diarioregionaldigital.com.br\/index.php?rest_route=\/wp\/v2\/posts\/138403","targetHints":{"allow":["GET"]}}],"collection":[{"href":"https:\/\/diarioregionaldigital.com.br\/index.php?rest_route=\/wp\/v2\/posts"}],"about":[{"href":"https:\/\/diarioregionaldigital.com.br\/index.php?rest_route=\/wp\/v2\/types\/post"}],"author":[{"embeddable":true,"href":"https:\/\/diarioregionaldigital.com.br\/index.php?rest_route=\/wp\/v2\/users\/96"}],"replies":[{"embeddable":true,"href":"https:\/\/diarioregionaldigital.com.br\/index.php?rest_route=%2Fwp%2Fv2%2Fcomments&post=138403"}],"version-history":[{"count":0,"href":"https:\/\/diarioregionaldigital.com.br\/index.php?rest_route=\/wp\/v2\/posts\/138403\/revisions"}],"wp:featuredmedia":[{"embeddable":true,"href":"https:\/\/diarioregionaldigital.com.br\/index.php?rest_route=\/wp\/v2\/media\/138404"}],"wp:attachment":[{"href":"https:\/\/diarioregionaldigital.com.br\/index.php?rest_route=%2Fwp%2Fv2%2Fmedia&parent=138403"}],"wp:term":[{"taxonomy":"category","embeddable":true,"href":"https:\/\/diarioregionaldigital.com.br\/index.php?rest_route=%2Fwp%2Fv2%2Fcategories&post=138403"},{"taxonomy":"post_tag","embeddable":true,"href":"https:\/\/diarioregionaldigital.com.br\/index.php?rest_route=%2Fwp%2Fv2%2Ftags&post=138403"}],"curies":[{"name":"wp","href":"https:\/\/api.w.org\/{rel}","templated":true}]}}