{"id":138389,"date":"2019-04-16T17:46:31","date_gmt":"2019-04-16T20:46:31","guid":{"rendered":"https:\/\/diarioregionaldigital.com.br\/?p=138389"},"modified":"2019-04-16T17:46:31","modified_gmt":"2019-04-16T20:46:31","slug":"pjf-mantem-projeto-ruas-completas-na-marechal-deodoro","status":"publish","type":"post","link":"https:\/\/diarioregionaldigital.com.br\/?p=138389","title":{"rendered":"PJF mant\u00e9m projeto \u201cRuas Completas\u201d na Marechal Deodoro"},"content":{"rendered":"<p>O projeto \u201cRuas Completas\u201d, implantado na Marechal Deodoro, no Centro de Juiz de Fora, ser\u00e1 mantido,mas com algumas modifica\u00e7\u00f5es. De acordo com a Prefeitura de Juiz de Fora (PJF), as mesas e cadeiras v\u00e3o ser retiradas, sendo substitu\u00eddas por bancos e um dos tablados instalado ser\u00e1 retirado.<\/p>\n<p>Ainda conforme a PJF, o com\u00e9rcio ambulante vai permanecer na parte central da via. \u201cO \u2018Ruas Completas\u2019 tem o objetivo de mudar o paradigma de desenho vi\u00e1rio ainda praticado no Brasil, que privilegia os ve\u00edculos motorizados e n\u00e3o as pessoas\u201d.<\/p>\n<p>No \u00faltimo dia 14 de mar\u00e7o, os juiz-foranos que passaram pela Rua Marechal Deodoro, entre os trechos da Avenida Bar\u00e3o do Rio Branco e a Rua Batista de Oliveira, foram surpreendidos com as mudan\u00e7as. Na rua, foram instalados tablados, nivelando a altura da rua com a cal\u00e7ada, o ch\u00e3o recebeu pinturas de sinaliza\u00e7\u00e3o, que interligam galerias, al\u00e9m da cria\u00e7\u00e3o de espa\u00e7os de conviv\u00eancia, com cadeiras, mesas e quiosques, que integram os espa\u00e7os.<\/p>\n<p>No final de 2017, a Prefeitura, atrav\u00e9s da Settra, firmou conv\u00eanio com a UFJF, a Frente Nacional dos Prefeitos (FNP) e a organiza\u00e7\u00e3o n\u00e3o governamental (ONG) WRI Brasil para o desenvolvimento de pol\u00edticas de mobilidade urbana. Com este acordo de coopera\u00e7\u00e3o entre as institui\u00e7\u00f5es, foi poss\u00edvel a cria\u00e7\u00e3o da disciplina de extens\u00e3o \u201cProjeto e Mobilidade Urbana\u201d no curso de Arquitetura e Urbanismo da UFJF.<\/p>\n<p>Juiz de Fora \u00e9 a \u00fanica cidade mineira que integra a Rede, que conta com dez munic\u00edpios brasileiros, dos quais, sete s\u00e3o capitais. Segundo a PJF, \u201ca proposta do projeto \u00e9 incentivar as cidades a desenvolver vias que priorizem pedestres e ciclistas, al\u00e9m de promover a democratiza\u00e7\u00e3o no uso do espa\u00e7o p\u00fablico, favorecendo a acessibilidade e a conviv\u00eancia entre as pessoas e os diversos meios de transporte urbano\u201d.<\/p>\n","protected":false},"excerpt":{"rendered":"<p>O projeto \u201cRuas Completas\u201d, implantado na Marechal Deodoro, no Centro de Juiz de Fora, ser\u00e1 mantido,mas com algumas modifica\u00e7\u00f5es. De acordo com a Prefeitura de Juiz de Fora (PJF), as mesas e cadeiras v\u00e3o ser retiradas, sendo substitu\u00eddas por bancos e um dos tablados instalado ser\u00e1 retirado. Ainda conforme a PJF, o com\u00e9rcio ambulante vai [&hellip;]<\/p>\n","protected":false},"author":96,"featured_media":135917,"comment_status":"closed","ping_status":"closed","sticky":false,"template":"","format":"standard","meta":{"footnotes":""},"categories":[253,436,440,439],"tags":[],"class_list":["post-138389","post","type-post","status-publish","format-standard","has-post-thumbnail","hentry","category-cidade","category-destaque-da-semana","category-destaques-do-dia","category-ultima-hora"],"_links":{"self":[{"href":"https:\/\/diarioregionaldigital.com.br\/index.php?rest_route=\/wp\/v2\/posts\/138389","targetHints":{"allow":["GET"]}}],"collection":[{"href":"https:\/\/diarioregionaldigital.com.br\/index.php?rest_route=\/wp\/v2\/posts"}],"about":[{"href":"https:\/\/diarioregionaldigital.com.br\/index.php?rest_route=\/wp\/v2\/types\/post"}],"author":[{"embeddable":true,"href":"https:\/\/diarioregionaldigital.com.br\/index.php?rest_route=\/wp\/v2\/users\/96"}],"replies":[{"embeddable":true,"href":"https:\/\/diarioregionaldigital.com.br\/index.php?rest_route=%2Fwp%2Fv2%2Fcomments&post=138389"}],"version-history":[{"count":0,"href":"https:\/\/diarioregionaldigital.com.br\/index.php?rest_route=\/wp\/v2\/posts\/138389\/revisions"}],"wp:featuredmedia":[{"embeddable":true,"href":"https:\/\/diarioregionaldigital.com.br\/index.php?rest_route=\/wp\/v2\/media\/135917"}],"wp:attachment":[{"href":"https:\/\/diarioregionaldigital.com.br\/index.php?rest_route=%2Fwp%2Fv2%2Fmedia&parent=138389"}],"wp:term":[{"taxonomy":"category","embeddable":true,"href":"https:\/\/diarioregionaldigital.com.br\/index.php?rest_route=%2Fwp%2Fv2%2Fcategories&post=138389"},{"taxonomy":"post_tag","embeddable":true,"href":"https:\/\/diarioregionaldigital.com.br\/index.php?rest_route=%2Fwp%2Fv2%2Ftags&post=138389"}],"curies":[{"name":"wp","href":"https:\/\/api.w.org\/{rel}","templated":true}]}}