{"id":138375,"date":"2019-04-16T14:40:53","date_gmt":"2019-04-16T17:40:53","guid":{"rendered":"https:\/\/diarioregionaldigital.com.br\/?p=138375"},"modified":"2019-04-16T18:36:59","modified_gmt":"2019-04-16T21:36:59","slug":"semana-santa-catolicos-celebram-nesta-terca-a-procissao-do-encontro","status":"publish","type":"post","link":"https:\/\/diarioregionaldigital.com.br\/?p=138375","title":{"rendered":"SEMANA SANTA: cat\u00f3licos celebram nesta ter\u00e7a a Prociss\u00e3o do Encontro"},"content":{"rendered":"<p>A Prociss\u00e3o do Encontro \u00e9 celebrada pela Igreja Cat\u00f3lica no mundo todo nesta ter\u00e7a-feira, 16. A celebra\u00e7\u00e3o \u00e9 muito apreciada pelos cat\u00f3licos durante a Semana Santa e marca o momento do encontro da Virgem Maria com seu filho Jesus, j\u00e1 carregando a cruz em dire\u00e7\u00e3o ao calv\u00e1rio.<\/p>\n<p>A partir das 20h, os cat\u00f3licos juiz-foranos levam a imagem de Jesus da Capela de Nosso Senhor dos Passos, na Santa Casa de Miseric\u00f3rdia, at\u00e9 a esquina da Avenida Rio Branco com a Rua Esp\u00edrito Santo, em frente \u00e0 Catedral Metropolitana. E ent\u00e3o, encontram a imagem de Nossa Senhora, que sai da igreja de S\u00e3o Sebasti\u00e3o. Neste momento, ambas as prociss\u00f5es se unem, sendo \u00e9 proclamado o \u201cSerm\u00e3o do Encontro.\u201d<\/p>\n<p>Em fun\u00e7\u00e3o da celebra\u00e7\u00e3o, haver\u00e1 interdi\u00e7\u00e3o total do fluxo na Rio Branco, na pista sentido Bom Pastor\/Manoel Hon\u00f3rio, no trecho que envolve a sa\u00edda da Santa Casa at\u00e9 a travessia do cruzamento com a Esp\u00edrito Santo, no sentido Manoel Hon\u00f3rio\/Bom Pastor. Al\u00e9m disso, tamb\u00e9m haver\u00e1 interdi\u00e7\u00e3o parcial das ruas Santo Ant\u00f4nio e Marechal Deodoro; da Avenida Rio Branco, na pista lateral, no sentido Manoel Hon\u00f3rio\/Bom Pastor; e da Rua Fernando Lobo at\u00e9 o Adro da Catedral.<\/p>\n<p>&nbsp;<\/p>\n","protected":false},"excerpt":{"rendered":"<p>A Prociss\u00e3o do Encontro \u00e9 celebrada pela Igreja Cat\u00f3lica no mundo todo nesta ter\u00e7a-feira, 16. A celebra\u00e7\u00e3o \u00e9 muito apreciada pelos cat\u00f3licos durante a Semana Santa e marca o momento do encontro da Virgem Maria com seu filho Jesus, j\u00e1 carregando a cruz em dire\u00e7\u00e3o ao calv\u00e1rio. A partir das 20h, os cat\u00f3licos juiz-foranos levam [&hellip;]<\/p>\n","protected":false},"author":96,"featured_media":138376,"comment_status":"closed","ping_status":"closed","sticky":false,"template":"","format":"standard","meta":{"footnotes":""},"categories":[253,436,440,439],"tags":[],"class_list":["post-138375","post","type-post","status-publish","format-standard","has-post-thumbnail","hentry","category-cidade","category-destaque-da-semana","category-destaques-do-dia","category-ultima-hora"],"_links":{"self":[{"href":"https:\/\/diarioregionaldigital.com.br\/index.php?rest_route=\/wp\/v2\/posts\/138375","targetHints":{"allow":["GET"]}}],"collection":[{"href":"https:\/\/diarioregionaldigital.com.br\/index.php?rest_route=\/wp\/v2\/posts"}],"about":[{"href":"https:\/\/diarioregionaldigital.com.br\/index.php?rest_route=\/wp\/v2\/types\/post"}],"author":[{"embeddable":true,"href":"https:\/\/diarioregionaldigital.com.br\/index.php?rest_route=\/wp\/v2\/users\/96"}],"replies":[{"embeddable":true,"href":"https:\/\/diarioregionaldigital.com.br\/index.php?rest_route=%2Fwp%2Fv2%2Fcomments&post=138375"}],"version-history":[{"count":0,"href":"https:\/\/diarioregionaldigital.com.br\/index.php?rest_route=\/wp\/v2\/posts\/138375\/revisions"}],"wp:featuredmedia":[{"embeddable":true,"href":"https:\/\/diarioregionaldigital.com.br\/index.php?rest_route=\/wp\/v2\/media\/138376"}],"wp:attachment":[{"href":"https:\/\/diarioregionaldigital.com.br\/index.php?rest_route=%2Fwp%2Fv2%2Fmedia&parent=138375"}],"wp:term":[{"taxonomy":"category","embeddable":true,"href":"https:\/\/diarioregionaldigital.com.br\/index.php?rest_route=%2Fwp%2Fv2%2Fcategories&post=138375"},{"taxonomy":"post_tag","embeddable":true,"href":"https:\/\/diarioregionaldigital.com.br\/index.php?rest_route=%2Fwp%2Fv2%2Ftags&post=138375"}],"curies":[{"name":"wp","href":"https:\/\/api.w.org\/{rel}","templated":true}]}}