{"id":138373,"date":"2019-04-16T15:03:04","date_gmt":"2019-04-16T18:03:04","guid":{"rendered":"https:\/\/diarioregionaldigital.com.br\/?p=138373"},"modified":"2019-04-16T15:03:04","modified_gmt":"2019-04-16T18:03:04","slug":"reforma-da-previdencia-marinho-diz-que-mais-pobres-tem-pressa","status":"publish","type":"post","link":"https:\/\/diarioregionaldigital.com.br\/?p=138373","title":{"rendered":"Reforma da Previd\u00eancia: Marinho diz que mais pobres t\u00eam pressa"},"content":{"rendered":"<p>Na expectativa de que a reforma da Previd\u00eancia avance ainda nesta semana na C\u00e2mara dos Deputados, o secret\u00e1rio de Previd\u00eancia e Trabalho, Rog\u00e9rio Marinho, um dos fiadores do texto proposto pelo governo, alertou que a sociedade tem pressa e quer a aprova\u00e7\u00e3o da mudan\u00e7a legislativa. Depois de explicar detalhes da proposta em um debate com deputados na manh\u00e3 desta ter\u00e7a-feira, 16, Marinho afirmou que todos reconhecem a necessidade da reforma.<\/p>\n<p>Segundo o secret\u00e1rio, mesmo os que n\u00e3o apoiam a proposta do governo t\u00eam apresentando sugest\u00f5es. &#8220;Ningu\u00e9m pode negar a necessidade de reestrutura\u00e7\u00e3o do sistema previdenci\u00e1rio e o d\u00e9ficit, que \u00e9 cruel com os mais pobres. Ou n\u00f3s enfrentamos isso, ou vamos continuar prejudicando quem j\u00e1 sofre mais\u201d, afirmou Marinho.<\/p>\n<p>O texto est\u00e1 em debate na Comiss\u00e3o de Constitui\u00e7\u00e3o e Justi\u00e7a (CCJ) da C\u00e2mara e deveria ter sido discutido na reuni\u00e3o de segunda-feira (15), mas a discus\u00e3o acabou sendo adiada por uma invers\u00e3o de pauta que priorizou a vota\u00e7\u00e3o do or\u00e7amento impositivo. O presidente da Casa, Rodrigo Maia (DEM-RJ), pediu que os parlamentares se concentrem hoje no debate at\u00e9 a madrugada, se necess\u00e1rio, para que a reforma seja votada nesta\u00a0<span id=\"OBJ_PREFIX_DWT117_com_zimbra_date\" role=\"link\">quarta<\/span>-feira (17).<\/p>\n<p>\u201cAcredito muito no esp\u00edrito p\u00fablico do Parlamento. Se acham que \u00e9 preciso se debru\u00e7ar mais sobre o tema que o fa\u00e7am, mas quem tem pressa \u00e9 a sociedade.\u00a0<span id=\"OBJ_PREFIX_DWT118_com_zimbra_date\" role=\"link\">Hoje<\/span>, a administra\u00e7\u00e3o da Uni\u00e3o, dos estados e de munic\u00edpios se d\u00e1 principalmente sobre despesas prim\u00e1rias de manuten\u00e7\u00e3o e custeio e do pagamento de d\u00edvidas\u201d, dafirmou Rog\u00e9rio Marinho.<\/p>\n<p>Para o secret\u00e1rio, a reforma permitir\u00e1 que o Estado brasileiro deixe de atuar como \u201cs\u00edndico de massa falida\u201d, limitando-se \u00e0 administra\u00e7\u00e3o de folhas de pagamento, assist\u00eancia e previd\u00eancia. \u201cN\u00e3o sobram recursos para investirmos em sa\u00fade, educa\u00e7\u00e3o, infraestrutura e na gera\u00e7\u00e3o de emprego e renda\u201d, lamentou.<\/p>\n<p>&nbsp;<\/p>\n<p>Fonte: Ag\u00eancia Brasil<\/p>\n","protected":false},"excerpt":{"rendered":"<p>Na expectativa de que a reforma da Previd\u00eancia avance ainda nesta semana na C\u00e2mara dos Deputados, o secret\u00e1rio de Previd\u00eancia e Trabalho, Rog\u00e9rio Marinho, um dos fiadores do texto proposto pelo governo, alertou que a sociedade tem pressa e quer a aprova\u00e7\u00e3o da mudan\u00e7a legislativa. Depois de explicar detalhes da proposta em um debate com [&hellip;]<\/p>\n","protected":false},"author":96,"featured_media":97343,"comment_status":"closed","ping_status":"closed","sticky":false,"template":"","format":"standard","meta":{"footnotes":""},"categories":[436,262,254,439],"tags":[],"class_list":["post-138373","post","type-post","status-publish","format-standard","has-post-thumbnail","hentry","category-destaque-da-semana","category-noticias","category-politica","category-ultima-hora"],"_links":{"self":[{"href":"https:\/\/diarioregionaldigital.com.br\/index.php?rest_route=\/wp\/v2\/posts\/138373","targetHints":{"allow":["GET"]}}],"collection":[{"href":"https:\/\/diarioregionaldigital.com.br\/index.php?rest_route=\/wp\/v2\/posts"}],"about":[{"href":"https:\/\/diarioregionaldigital.com.br\/index.php?rest_route=\/wp\/v2\/types\/post"}],"author":[{"embeddable":true,"href":"https:\/\/diarioregionaldigital.com.br\/index.php?rest_route=\/wp\/v2\/users\/96"}],"replies":[{"embeddable":true,"href":"https:\/\/diarioregionaldigital.com.br\/index.php?rest_route=%2Fwp%2Fv2%2Fcomments&post=138373"}],"version-history":[{"count":0,"href":"https:\/\/diarioregionaldigital.com.br\/index.php?rest_route=\/wp\/v2\/posts\/138373\/revisions"}],"wp:featuredmedia":[{"embeddable":true,"href":"https:\/\/diarioregionaldigital.com.br\/index.php?rest_route=\/wp\/v2\/media\/97343"}],"wp:attachment":[{"href":"https:\/\/diarioregionaldigital.com.br\/index.php?rest_route=%2Fwp%2Fv2%2Fmedia&parent=138373"}],"wp:term":[{"taxonomy":"category","embeddable":true,"href":"https:\/\/diarioregionaldigital.com.br\/index.php?rest_route=%2Fwp%2Fv2%2Fcategories&post=138373"},{"taxonomy":"post_tag","embeddable":true,"href":"https:\/\/diarioregionaldigital.com.br\/index.php?rest_route=%2Fwp%2Fv2%2Ftags&post=138373"}],"curies":[{"name":"wp","href":"https:\/\/api.w.org\/{rel}","templated":true}]}}