{"id":138363,"date":"2019-04-16T14:51:01","date_gmt":"2019-04-16T17:51:01","guid":{"rendered":"https:\/\/diarioregionaldigital.com.br\/?p=138363"},"modified":"2019-04-16T14:51:01","modified_gmt":"2019-04-16T17:51:01","slug":"prefeitura-adota-regra-ficha-limpa-para-cargos-em-comissao","status":"publish","type":"post","link":"https:\/\/diarioregionaldigital.com.br\/?p=138363","title":{"rendered":"Prefeitura adota regra \u201cficha limpa\u201d para cargos em comiss\u00e3o"},"content":{"rendered":"<div id=\"box_texto_noticia\">A reestrutura\u00e7\u00e3o administrativa, prevista da Lei Municipal n\u00ba 13.830, estabeleceu uma s\u00e9rie de diretrizes de gest\u00e3o na Prefeitura de Juiz de Fora (PJF). Entre elas, a obrigatoriedade de servidores comissionados do Munic\u00edpio serem \u201cficha limpa\u201d. A Reforma traz veda\u00e7\u00f5es \u00e0 ocupa\u00e7\u00e3o de Cargo de Provimento em Comiss\u00e3o visando proteger a probidade administrativa e a moralidade. O documento pro\u00edbe a nomea\u00e7\u00e3o ou designa\u00e7\u00e3o para cargos de provimento em comiss\u00e3o daqueles que tenham praticado atos causadores da perda do cargo ou emprego p\u00fablico, sido exclu\u00eddos do exerc\u00edcio da profiss\u00e3o ou, ainda, tido suas contas relativas ao exerc\u00edcio de cargos ou fun\u00e7\u00f5es p\u00fablicas rejeitadas por irregularidade que configure improbidade administrativa.<\/p>\n<p>Com a reestrutura\u00e7\u00e3o administrativa, o quadro de servidores de cargos em comiss\u00e3o da PJF foi reorganizado e, os funcion\u00e1rios nomeados a partir de ent\u00e3o, passaram a ter a obrigatoriedade de apresentar, no ato na posse do cargo, certid\u00f5es negativas das justi\u00e7as Estadual, Federal e Eleitoral, Tribunal de Contas do Estado e da Uni\u00e3o, Conselho Nacional de Justi\u00e7a (CNJ), al\u00e9m de comprova\u00e7\u00e3o de inscri\u00e7\u00e3o no conselho de classe, de forma a comprovar a aptid\u00e3o para os cargos. \u201c\u00c9 mais uma medida moralizadora, de controle e de transpar\u00eancia que integra a reformula\u00e7\u00e3o administrativa que estamos implantando, em conson\u00e2ncia com as demandas da sociedade em rela\u00e7\u00e3o ao poder p\u00fablico\u201d, afirmou o prefeito Ant\u00f4nio Almas.<\/p>\n<p><b>Implementa\u00e7\u00e3o da Reforma<\/b><\/p>\n<p>Com a redu\u00e7\u00e3o de cargos comissionados, definida na Lei n\u00ba 13.830, h\u00e1 a previs\u00e3o da redu\u00e7\u00e3o de gastos de cerca de R$ 10 a 13 milh\u00f5es nos pr\u00f3ximos dois anos, com a reorganiza\u00e7\u00e3o de outras fun\u00e7\u00f5es gratificadas a partir da reforma. As medidas se somam ao maior controle do Executivo.<\/p>\n<p>No \u00faltimo dia 30, o Di\u00e1rio Oficial do Munic\u00edpio trouxe, tamb\u00e9m, a oficializa\u00e7\u00e3o da Controladoria Geral do Munic\u00edpio e os decretos que regulamentam a estrutura organizacional e atribui\u00e7\u00f5es das secretarias de Meio Ambiente e Ordenamento Urbano (Semaur), Desenvolvimento Econ\u00f4mico, Turismo e Agropecu\u00e1ria (Sedeta), Governo (SG), Comunica\u00e7\u00e3o P\u00fablica (Secom) e Esporte e Lazer (SEL). A previs\u00e3o \u00e9 que os decretos regulamentadores das demais unidades sejam publicados em breve.<\/p><\/div>\n<div><\/div>\n<div><\/div>\n<div>Fonte: Ag\u00eancia Brasil<\/div>\n<p>&nbsp;<\/p>\n<div id=\"box_compartilhar\" align=\"right\"><\/div>\n","protected":false},"excerpt":{"rendered":"<p>A reestrutura\u00e7\u00e3o administrativa, prevista da Lei Municipal n\u00ba 13.830, estabeleceu uma s\u00e9rie de diretrizes de gest\u00e3o na Prefeitura de Juiz de Fora (PJF). Entre elas, a obrigatoriedade de servidores comissionados do Munic\u00edpio serem \u201cficha limpa\u201d. A Reforma traz veda\u00e7\u00f5es \u00e0 ocupa\u00e7\u00e3o de Cargo de Provimento em Comiss\u00e3o visando proteger a probidade administrativa e a moralidade. [&hellip;]<\/p>\n","protected":false},"author":96,"featured_media":138364,"comment_status":"closed","ping_status":"closed","sticky":false,"template":"","format":"standard","meta":{"footnotes":""},"categories":[253,436,262,439],"tags":[],"class_list":["post-138363","post","type-post","status-publish","format-standard","has-post-thumbnail","hentry","category-cidade","category-destaque-da-semana","category-noticias","category-ultima-hora"],"_links":{"self":[{"href":"https:\/\/diarioregionaldigital.com.br\/index.php?rest_route=\/wp\/v2\/posts\/138363","targetHints":{"allow":["GET"]}}],"collection":[{"href":"https:\/\/diarioregionaldigital.com.br\/index.php?rest_route=\/wp\/v2\/posts"}],"about":[{"href":"https:\/\/diarioregionaldigital.com.br\/index.php?rest_route=\/wp\/v2\/types\/post"}],"author":[{"embeddable":true,"href":"https:\/\/diarioregionaldigital.com.br\/index.php?rest_route=\/wp\/v2\/users\/96"}],"replies":[{"embeddable":true,"href":"https:\/\/diarioregionaldigital.com.br\/index.php?rest_route=%2Fwp%2Fv2%2Fcomments&post=138363"}],"version-history":[{"count":0,"href":"https:\/\/diarioregionaldigital.com.br\/index.php?rest_route=\/wp\/v2\/posts\/138363\/revisions"}],"wp:featuredmedia":[{"embeddable":true,"href":"https:\/\/diarioregionaldigital.com.br\/index.php?rest_route=\/wp\/v2\/media\/138364"}],"wp:attachment":[{"href":"https:\/\/diarioregionaldigital.com.br\/index.php?rest_route=%2Fwp%2Fv2%2Fmedia&parent=138363"}],"wp:term":[{"taxonomy":"category","embeddable":true,"href":"https:\/\/diarioregionaldigital.com.br\/index.php?rest_route=%2Fwp%2Fv2%2Fcategories&post=138363"},{"taxonomy":"post_tag","embeddable":true,"href":"https:\/\/diarioregionaldigital.com.br\/index.php?rest_route=%2Fwp%2Fv2%2Ftags&post=138363"}],"curies":[{"name":"wp","href":"https:\/\/api.w.org\/{rel}","templated":true}]}}