{"id":138360,"date":"2019-04-16T14:41:49","date_gmt":"2019-04-16T17:41:49","guid":{"rendered":"https:\/\/diarioregionaldigital.com.br\/?p=138360"},"modified":"2019-04-16T14:41:49","modified_gmt":"2019-04-16T17:41:49","slug":"ameaca-de-bomba-leva-policia-a-esvaziar-edificio-em-madri","status":"publish","type":"post","link":"https:\/\/diarioregionaldigital.com.br\/?p=138360","title":{"rendered":"Amea\u00e7a de bomba leva pol\u00edcia a esvaziar edif\u00edcio em Madri"},"content":{"rendered":"<p>Uma amea\u00e7a de bomba em um dos maiores edif\u00edcios espanh\u00f3is, em Madri, levou a pol\u00edcia a retirar as pessoas que estavam no local. Trata-se da Torrespacio, que tem 235 metros de altura e 57 andares. \u00c9 o quarto edif\u00edcio mais alto da Espanha e o 24\u00ba mais alto da Europa.<\/p>\n<p>No pr\u00e9dio ficam algumas representa\u00e7\u00f5es diplom\u00e1ticas, como a do Reino Unido, do Canad\u00e1, e da Austr\u00e1lia, onde teria sido dado o alerta de amea\u00e7a de bomba \u00e0s 2h15 locais (menos uma hora de Portugal).<\/p>\n<p>No Twitter, a pol\u00edcia confirmou a evacua\u00e7\u00e3o do edif\u00edcio por motivo de seguran\u00e7a. As autoridades pediram ainda \u00e0s pessoas para evitar as imedia\u00e7\u00f5es do local. A \u00e1rea em torno est\u00e1 isolada e a circula\u00e7\u00e3o de autom\u00f3veis pr\u00f3ximo \u00e0 torre foi interrompida durante alguns minutos.<\/p>\n<p>De acordo com a Reuters, que cita fonte da pol\u00edcia, a retirada das pessoas aconteceu ap\u00f3s uma chamada com uma amea\u00e7a de bomba. Estariam na torre cerca de 2 mil pessoas.<\/p>\n<p>A evacua\u00e7\u00e3o terminou menos de uma hora depois do alerta e ocorreu sem problemas. N\u00e3o foram registrados feridos.<\/p>\n<p>Muitas pessoas pensavam tratar-se de uma simula\u00e7\u00e3o e s\u00f3 perceberam o que se passava quando viram entrar no edif\u00edcio equipes antiterroristas, especialistas em armadilhas e explosivos, e c\u00e3es.<\/p>\n<p>No local est\u00e3o cinco equipes de bombeiros da C\u00e2mara de Madri e ambul\u00e2ncias do Samur- Prote\u00e7\u00e3o Civil, de preven\u00e7\u00e3o.<\/p>\n<p>A Torrespacio integra um complexo empresarial, conhecido por Cuatro Torres Business Area Madrid, que engloba mais tr\u00eas torres e que foi inaugurado em 2008. Foi tamb\u00e9m a primeira torre a ser constru\u00edda e a ficar completa.<\/p>\n<p>Al\u00e9m das embaixadas da Austr\u00e1lia, do Canad\u00e1 e do Reino Unido, a Torrespacio sedia a Associa\u00e7\u00e3o da Banca Espanhola (AEB) e empresas como a Red Bull e a Equifax.<\/p>\n<p>Mais de 90% da torre, propriedade do grupo Filipino Emperador, est\u00e3o ocupados. Al\u00e9m dos 57 andares, existem mais seis de estacionamento com 1.270 vagas.<\/p>\n<p>&nbsp;<\/p>\n<p>Fonte: Ag\u00eancia Brasil<\/p>\n","protected":false},"excerpt":{"rendered":"<p>Uma amea\u00e7a de bomba em um dos maiores edif\u00edcios espanh\u00f3is, em Madri, levou a pol\u00edcia a retirar as pessoas que estavam no local. Trata-se da Torrespacio, que tem 235 metros de altura e 57 andares. \u00c9 o quarto edif\u00edcio mais alto da Espanha e o 24\u00ba mais alto da Europa. No pr\u00e9dio ficam algumas representa\u00e7\u00f5es [&hellip;]<\/p>\n","protected":false},"author":96,"featured_media":138361,"comment_status":"closed","ping_status":"closed","sticky":false,"template":"","format":"standard","meta":{"footnotes":""},"categories":[302,436,262,439],"tags":[],"class_list":["post-138360","post","type-post","status-publish","format-standard","has-post-thumbnail","hentry","category-brasil-mundo","category-destaque-da-semana","category-noticias","category-ultima-hora"],"_links":{"self":[{"href":"https:\/\/diarioregionaldigital.com.br\/index.php?rest_route=\/wp\/v2\/posts\/138360","targetHints":{"allow":["GET"]}}],"collection":[{"href":"https:\/\/diarioregionaldigital.com.br\/index.php?rest_route=\/wp\/v2\/posts"}],"about":[{"href":"https:\/\/diarioregionaldigital.com.br\/index.php?rest_route=\/wp\/v2\/types\/post"}],"author":[{"embeddable":true,"href":"https:\/\/diarioregionaldigital.com.br\/index.php?rest_route=\/wp\/v2\/users\/96"}],"replies":[{"embeddable":true,"href":"https:\/\/diarioregionaldigital.com.br\/index.php?rest_route=%2Fwp%2Fv2%2Fcomments&post=138360"}],"version-history":[{"count":0,"href":"https:\/\/diarioregionaldigital.com.br\/index.php?rest_route=\/wp\/v2\/posts\/138360\/revisions"}],"wp:featuredmedia":[{"embeddable":true,"href":"https:\/\/diarioregionaldigital.com.br\/index.php?rest_route=\/wp\/v2\/media\/138361"}],"wp:attachment":[{"href":"https:\/\/diarioregionaldigital.com.br\/index.php?rest_route=%2Fwp%2Fv2%2Fmedia&parent=138360"}],"wp:term":[{"taxonomy":"category","embeddable":true,"href":"https:\/\/diarioregionaldigital.com.br\/index.php?rest_route=%2Fwp%2Fv2%2Fcategories&post=138360"},{"taxonomy":"post_tag","embeddable":true,"href":"https:\/\/diarioregionaldigital.com.br\/index.php?rest_route=%2Fwp%2Fv2%2Ftags&post=138360"}],"curies":[{"name":"wp","href":"https:\/\/api.w.org\/{rel}","templated":true}]}}