{"id":138218,"date":"2019-04-13T10:50:30","date_gmt":"2019-04-13T13:50:30","guid":{"rendered":"https:\/\/diarioregionaldigital.com.br\/?p=138218"},"modified":"2019-04-13T10:52:15","modified_gmt":"2019-04-13T13:52:15","slug":"settra-altera-transito-em-bairros-da-cidade-para-celebracoes-da-semana-santa","status":"publish","type":"post","link":"https:\/\/diarioregionaldigital.com.br\/?p=138218","title":{"rendered":"Settra altera tr\u00e2nsito em bairros da cidade para celebra\u00e7\u00f5es da Semana Santa"},"content":{"rendered":"<div id=\"box_texto_noticia\">\n<p>A Secretaria de Transporte e Tr\u00e2nsito (Settra) da Prefeitura de Juiz de Fora (PJF) far\u00e1 interven\u00e7\u00f5es no tr\u00e2nsito em diversos bairros da cidade, para as celebra\u00e7\u00f5es da Semana Santa. As modifica\u00e7\u00f5es ocorrer\u00e3o a partir deste s\u00e1bado, 13, e v\u00e3o at\u00e9 o dia 21, seguindo a programa\u00e7\u00e3o de cada par\u00f3quia. As mudan\u00e7as ocorrer\u00e3o nos bairros Bandeirantes, Benfica, Centro, Encosta do Sol, Francisco Bernardino, Graja\u00fa, Industrial, Jardim Natal, Monte Castelo, Teixeiras, Santa Rita\/Bonfim, S\u00e3o Mateus, S\u00e3o Pedro, Santa Luzia, Ros\u00e1rio de Minas e Morro da Gl\u00f3ria.<\/p>\n<p>Neste s\u00e1bado, 13, em Benfica, ser\u00e1 realizada, a partir das 18 horas, a \u201cProciss\u00e3o de Ramos\u201d, com interdi\u00e7\u00e3o parcial das vias. O percurso ter\u00e1 in\u00edcio na Avenida Ministro Esp\u00edrito Santo (Capela Nossa Senhora das Gra\u00e7as), passando pela Garcia Rodrigues Paes, ruas Maria Eug\u00eania e Rafael M\u00e9rula (Capela de Nossa Senhora da Rosa M\u00edstica).<\/p>\n<p>Outro cortejo cat\u00f3lico, tamb\u00e9m com interdi\u00e7\u00e3o parcial do tr\u00e2nsito, passar\u00e1 pelas ruas Francisco Esteves de Oliveira (Comunidade Bom Jesus), Henrique Dias e Evaristo da Veiga, Avenida Afonso Garcia e Rua Paulo Garcia, at\u00e9 a Capela de F\u00e1tima.<\/p>\n<p><b>No domingo, 14, as prociss\u00f5es de \u201cRamos\u201d acontecer\u00e3o, com interdi\u00e7\u00e3o parcial de vias nos bairros:<\/b><\/p>\n<p>&#8211; Morro da Gl\u00f3ria (Igreja Nossa Senhora da Gl\u00f3ria): \u00e0s 9 horas, com trajeto pelas ruas Dom Lasagna (lateral do Col\u00e9gio Santa Catarina) e dos Artistas, Avenida dos Andradas, at\u00e9 a Igreja da Gl\u00f3ria.<\/p>\n<p>-Teixeiras (Par\u00f3quia S\u00e3o Geraldo): \u00e0s 8 horas, o cortejo religioso ter\u00e1 in\u00edcio na Rua Porf\u00edrio Albuquerque Barbosa, 318, passando pela Jo\u00e3o Moreira da Rocha e Jesus Raimundo e Avenida Deusdedith Salgado at\u00e9 a Rua Nair Furtado de Souza, 10 (Igreja Matriz S\u00e3o Geraldo).<\/p>\n<p>&#8211; Centro (Catedral Metropolitana): \u00e0s 9h30, passando pelas ruas Santo Ant\u00f4nio (Igreja S\u00e3o Sebasti\u00e3o) e Marechal Deodoro, Avenida Bar\u00e3o do Rio Branco (pista lateral, sentido bairros Manoel Hon\u00f3rio\/Bom Pastor) e Rua Fernando Lobo, at\u00e9 o adro da Catedral.<\/p>\n<p>\u2013 Santa Luzia (par\u00f3quia do mesmo nome): a prociss\u00e3o partir\u00e1 \u00e0s 8h30 da Avenida Ibitiguaia, 440 (Santu\u00e1rio de Santa Luzia), passando pelas ruas Porto das Flores e Ingr\u00e1cia Pinheiro, 160 (Igreja Matriz de Santa Luzia).<\/p>\n<p>&#8211; Monte Castelo (Par\u00f3quia Nossa Senhora do Perp\u00e9tuo Socorro): a partir das7 horas, os fi\u00e9is seguir\u00e3o pelas vias Nazira Matar de Freitas, 617, Maria Geralda de Freitas, Geraldo Gomes Ribeiro, Benvindo de Assis Lopes, Coronel Quint\u00e3o, Branca Mascarenhas, Itatiaia, Baturit\u00e9 e Luiz Baltazar Eberle, at\u00e9 a Rua Amamba\u00ed, 120 (Par\u00f3quia Nossa Senhora Perp\u00e9tuo Socorro).<\/p>\n<p>\u00c0s 19 horas, as interven\u00e7\u00f5es acontecer\u00e3o nas ruas Professor Walqu\u00edrio Seixas, 675, Ant\u00f4nio Costa Pacheco Filho, Luiz Baltazar Eberle e Amamba\u00ed, 120 (Par\u00f3quia Nossa Senhora Perp\u00e9tuo Socorro), para a \u201cProciss\u00e3o de Ramos\u201d.<\/p>\n<p>&#8211; Santa Rita\/Bonfim (Par\u00f3quia de Santa Rita de C\u00e1ssia): prociss\u00e3o com in\u00edcio \u00e0s 18 horas, na Rua Oscar Teodoro de Oliveira, 163, passando pela Doutor Geraldo Paleta, Orvile Derby A. Dutra, Marina Ribeiro Oliveira, Ot\u00e1vio Pereira Torres, M\u00facio Vieira e Bar\u00e3o do Retiro, at\u00e9 a Igreja Santa Rita.<\/p>\n<p>&#8211; Benfica (Par\u00f3quia N. S. Imaculada Concei\u00e7\u00e3o): as celebra\u00e7\u00f5es ter\u00e3o in\u00edcio \u00e0s 18h30, na Rua Paulo Garcia (Capela de F\u00e1tima), com trajeto pela Avenida Afonso Garcia e ruas Guararapes, Henrique Dias e Paulo Garcia, at\u00e9 a Par\u00f3quia Nossa Senhora da Concei\u00e7\u00e3o.<\/p>\n<p>&#8211; S\u00e3o Mateus (par\u00f3quia hom\u00f4nima): \u00e0s 9h40 \u00e0s 17h40, os fieis se reunir\u00e3o na Escola Estadual Fernando Lobo, na Rua S\u00e3o Mateus, n\u00famero 784, e o cortejo seguir\u00e1 para a Igreja S\u00e3o Mateus. Em ambos os hor\u00e1rios, a via estar\u00e1 interditada de forma parcial.<\/p>\n<p>\u00c0s 19 horas, os crist\u00e3os caminhar\u00e3o com a Imagem de Nossa Senhora das Dores at\u00e9 a Igreja Imaculada Concei\u00e7\u00e3o. A comitiva, saindo da Igreja S\u00e3o Mateus, seguir\u00e1 pelas ruas S\u00e3o Mateus, Ant\u00f4nio Passarela, Mamor\u00e9 e Professor Freire, Avenida Presidente Itamar Franco, ruas Doutor Dirceu de Andrade, Doutor Campos Lima, Tiet\u00ea, Monsenhor Gustavo Freire, Araguari, Jo\u00e3o Manata e Imaculada Concei\u00e7\u00e3o. O percurso tamb\u00e9m estar\u00e1 parcialmente fechado.<\/p>\n<p>&#8211; Graja\u00fa (Par\u00f3quia Nossa Senhora do L\u00edbano): \u00e0s 18 horas, saindo da Pra\u00e7a do Graja\u00fa, Ruas Geraldo Marini, Nossa Senhora do L\u00edbano e Raulina Magalh\u00e3es (matriz).<\/p>\n<p>&#8211; Jardim Natal (Par\u00f3quia Nossa Senhora de Lourdes): a prociss\u00e3o partir\u00e1 \u00e0s 18h30 da Rua Wenceslau Braz, 363 (Comunidade Nossa Senhora Aparecida), passando pelas Tenente Lucas Drumond, Guidoval, Ant\u00f4nio Carlos Silva e Ant\u00f4nio Bernardo, at\u00e9 a Igreja Cat\u00f3lica Nossa Senhora do Carmo.<\/p>\n<p>&#8211; Encosta do Sol (Par\u00f3quia Nossa Senhora de Lourdes): a \u201cProciss\u00e3o de Ramos\u201d ter\u00e1 in\u00edcio \u00e0s 7 horas, na Rua Jo\u00e3o Leite de Oliveira, 319, passando pela Ab\u00edlio Gomes e Tomaz Gonzaga, cruzamento com Avenida Presidente Juscelino Kubstcheck, at\u00e9 a Par\u00f3quia Nossa Senhora de Lourdes.<\/p>\n<p>&#8211; Bandeirantes (Par\u00f3quia Santa Cruz): o cortejo ser\u00e1 \u00e0s 8 horas, nas ruas Subtenente Omar Pereira, Laurindo Noceli, Ant\u00f4nio Trist\u00e3o e Sargento Cunha, at\u00e9 a Igreja Santa Cruz.<\/p>\n<p>&#8211; Ros\u00e1rio de Minas (Par\u00f3quia Nossa Senhora do Ros\u00e1rio): \u00e0s 8 horas come\u00e7ar\u00e1 a prociss\u00e3o, a partir da Capela Senhor dos Passos, percorrendo a via principal, at\u00e9 a Pra\u00e7a da Matriz, em Ros\u00e1rio de Minas.<\/p>\n<p>A programa\u00e7\u00e3o completa, at\u00e9 o dia 21, pode ser conferida em\u00a0<a href=\"https:\/\/www.pjf.mg.gov.br\/noticias\/anexo\/semana_santa_settra.pdf\" target=\"_blank\" rel=\"noopener\">anexo.<\/a><\/p>\n<\/div>\n<p>Fonte: PJF<\/p>\n","protected":false},"excerpt":{"rendered":"<p>A Secretaria de Transporte e Tr\u00e2nsito (Settra) da Prefeitura de Juiz de Fora (PJF) far\u00e1 interven\u00e7\u00f5es no tr\u00e2nsito em diversos bairros da cidade, para as celebra\u00e7\u00f5es da Semana Santa. As modifica\u00e7\u00f5es ocorrer\u00e3o a partir deste s\u00e1bado, 13, e v\u00e3o at\u00e9 o dia 21, seguindo a programa\u00e7\u00e3o de cada par\u00f3quia. As mudan\u00e7as ocorrer\u00e3o nos bairros Bandeirantes, [&hellip;]<\/p>\n","protected":false},"author":96,"featured_media":137304,"comment_status":"closed","ping_status":"closed","sticky":false,"template":"","format":"standard","meta":{"footnotes":""},"categories":[253,436,440,439],"tags":[],"class_list":["post-138218","post","type-post","status-publish","format-standard","has-post-thumbnail","hentry","category-cidade","category-destaque-da-semana","category-destaques-do-dia","category-ultima-hora"],"_links":{"self":[{"href":"https:\/\/diarioregionaldigital.com.br\/index.php?rest_route=\/wp\/v2\/posts\/138218","targetHints":{"allow":["GET"]}}],"collection":[{"href":"https:\/\/diarioregionaldigital.com.br\/index.php?rest_route=\/wp\/v2\/posts"}],"about":[{"href":"https:\/\/diarioregionaldigital.com.br\/index.php?rest_route=\/wp\/v2\/types\/post"}],"author":[{"embeddable":true,"href":"https:\/\/diarioregionaldigital.com.br\/index.php?rest_route=\/wp\/v2\/users\/96"}],"replies":[{"embeddable":true,"href":"https:\/\/diarioregionaldigital.com.br\/index.php?rest_route=%2Fwp%2Fv2%2Fcomments&post=138218"}],"version-history":[{"count":0,"href":"https:\/\/diarioregionaldigital.com.br\/index.php?rest_route=\/wp\/v2\/posts\/138218\/revisions"}],"wp:featuredmedia":[{"embeddable":true,"href":"https:\/\/diarioregionaldigital.com.br\/index.php?rest_route=\/wp\/v2\/media\/137304"}],"wp:attachment":[{"href":"https:\/\/diarioregionaldigital.com.br\/index.php?rest_route=%2Fwp%2Fv2%2Fmedia&parent=138218"}],"wp:term":[{"taxonomy":"category","embeddable":true,"href":"https:\/\/diarioregionaldigital.com.br\/index.php?rest_route=%2Fwp%2Fv2%2Fcategories&post=138218"},{"taxonomy":"post_tag","embeddable":true,"href":"https:\/\/diarioregionaldigital.com.br\/index.php?rest_route=%2Fwp%2Fv2%2Ftags&post=138218"}],"curies":[{"name":"wp","href":"https:\/\/api.w.org\/{rel}","templated":true}]}}