{"id":138217,"date":"2019-04-13T10:42:43","date_gmt":"2019-04-13T13:42:43","guid":{"rendered":"https:\/\/diarioregionaldigital.com.br\/?p=138217"},"modified":"2019-04-13T10:42:43","modified_gmt":"2019-04-13T13:42:43","slug":"settra-revitaliza-sinalizacao-horizontal-em-vias-de-juiz-de-fora","status":"publish","type":"post","link":"https:\/\/diarioregionaldigital.com.br\/?p=138217","title":{"rendered":"Settra revitaliza sinaliza\u00e7\u00e3o horizontal em vias de Juiz de Fora"},"content":{"rendered":"<p>A Secretaria de Transporte e Tr\u00e2nsito (Settra) da Prefeitura de Juiz de Fora (PJF), desde a noite desta quinta-feira, 11, est\u00e1 promovendo trabalhos de revitaliza\u00e7\u00e3o da sinaliza\u00e7\u00e3o horizontal na Avenida Rui Barbosa, no Bairro Santa Terezinha. Outros locais, como Manoel Hon\u00f3rio, S\u00e3o Dimas, Centro e Progresso tamb\u00e9m recebem as melhorias. Para este servi\u00e7o, em \u00e1reas de maior circula\u00e7\u00e3o de ve\u00edculos, est\u00e1 sendo usada a pintura termopl\u00e1stica (ou a quente), com durabilidade m\u00ednima de cinco anos, sendo que, dependendo do local onde for aplicada, pode chegar a dez anos. Tamb\u00e9m tem sido utilizada a pintura a frio, de f\u00e1cil remo\u00e7\u00e3o, implantada em faixas de estacionamentos, por exemplo, onde ocorrem constantes altera\u00e7\u00f5es.<\/p>\n<p>Al\u00e9m do Bairro Santa Terezinha, os trabalhos est\u00e3o sendo feitos em S\u00e3o Dimas\/ Mariano Proc\u00f3pio (Avenida Brasil, entre o Viaduto Ramirez Mozzato, na Becton Dickson \u2013 BD \u2013 e Bar\u00e3o do Rio Branco, \u201cmargem direita\u201d); S\u00e3o Dimas (Avenida Coronel Vidal, entre o viaduto BD e Shopping Jardim Norte); Centro (Avenida Get\u00falio Vargas, entre Presidente Itamar Franco e ruas Espirito Santo e Francisco Bernardino); Centro\/S\u00e3o Mateus (Avenida Presidente Itamar Franco, entre Get\u00falio Vargas e Estrada Dom Orione); Centro (entre Avenida Rio Branco e Rua Oleg\u00e1rio Maciel); Manoel Hon\u00f3rio (Avenida Governador Valadares); Bonfim (Rua Eug\u00eanio Fontainha); e Progresso (ruas Bar\u00e3o do Retiro e Am\u00e9rico Lobo).<\/p>\n<p>Alguns pontos da cidade foram conclu\u00eddos nos \u00faltimos quatro meses: bairros Grambery, Centro, Salvaterra, Cascatinha, Po\u00e7o Rico, at\u00e9 Ladeira (Avenida Brasil, entre a Ponte Luiz Ernesto \u201cTupinamb\u00e1s\u201d e Avenida Bar\u00e3o do Rio Branco. \u201cmargem esquerda\u201d) e Manoel Hon\u00f3rio (Avenida Brasil, entre Avenida Bar\u00e3o do Rio Branco e Rua Jos\u00e9 Eutr\u00f3pio, \u201cmargem esquerda\u201d).<\/p>\n<p><b>Atendimento ao cidad\u00e3o<\/b><\/p>\n<p>Solicita\u00e7\u00f5es para manuten\u00e7\u00e3o e revitaliza\u00e7\u00e3o de sinaliza\u00e7\u00e3o horizontal e vertical podem ser feitas no Servi\u00e7o de Orienta\u00e7\u00e3o ao Usu\u00e1rio (SOU), atrav\u00e9s do 3690-8218, ou settraatende@pjf.mg.gov.br.<\/p>\n<p>Fonte: PJF<\/p>\n","protected":false},"excerpt":{"rendered":"<p>A Secretaria de Transporte e Tr\u00e2nsito (Settra) da Prefeitura de Juiz de Fora (PJF), desde a noite desta quinta-feira, 11, est\u00e1 promovendo trabalhos de revitaliza\u00e7\u00e3o da sinaliza\u00e7\u00e3o horizontal na Avenida Rui Barbosa, no Bairro Santa Terezinha. Outros locais, como Manoel Hon\u00f3rio, S\u00e3o Dimas, Centro e Progresso tamb\u00e9m recebem as melhorias. Para este servi\u00e7o, em \u00e1reas [&hellip;]<\/p>\n","protected":false},"author":96,"featured_media":138221,"comment_status":"closed","ping_status":"closed","sticky":false,"template":"","format":"standard","meta":{"footnotes":""},"categories":[253,436,439],"tags":[],"class_list":["post-138217","post","type-post","status-publish","format-standard","has-post-thumbnail","hentry","category-cidade","category-destaque-da-semana","category-ultima-hora"],"_links":{"self":[{"href":"https:\/\/diarioregionaldigital.com.br\/index.php?rest_route=\/wp\/v2\/posts\/138217","targetHints":{"allow":["GET"]}}],"collection":[{"href":"https:\/\/diarioregionaldigital.com.br\/index.php?rest_route=\/wp\/v2\/posts"}],"about":[{"href":"https:\/\/diarioregionaldigital.com.br\/index.php?rest_route=\/wp\/v2\/types\/post"}],"author":[{"embeddable":true,"href":"https:\/\/diarioregionaldigital.com.br\/index.php?rest_route=\/wp\/v2\/users\/96"}],"replies":[{"embeddable":true,"href":"https:\/\/diarioregionaldigital.com.br\/index.php?rest_route=%2Fwp%2Fv2%2Fcomments&post=138217"}],"version-history":[{"count":0,"href":"https:\/\/diarioregionaldigital.com.br\/index.php?rest_route=\/wp\/v2\/posts\/138217\/revisions"}],"wp:featuredmedia":[{"embeddable":true,"href":"https:\/\/diarioregionaldigital.com.br\/index.php?rest_route=\/wp\/v2\/media\/138221"}],"wp:attachment":[{"href":"https:\/\/diarioregionaldigital.com.br\/index.php?rest_route=%2Fwp%2Fv2%2Fmedia&parent=138217"}],"wp:term":[{"taxonomy":"category","embeddable":true,"href":"https:\/\/diarioregionaldigital.com.br\/index.php?rest_route=%2Fwp%2Fv2%2Fcategories&post=138217"},{"taxonomy":"post_tag","embeddable":true,"href":"https:\/\/diarioregionaldigital.com.br\/index.php?rest_route=%2Fwp%2Fv2%2Ftags&post=138217"}],"curies":[{"name":"wp","href":"https:\/\/api.w.org\/{rel}","templated":true}]}}