{"id":138215,"date":"2019-04-13T10:46:54","date_gmt":"2019-04-13T13:46:54","guid":{"rendered":"https:\/\/diarioregionaldigital.com.br\/?p=138215"},"modified":"2019-04-13T10:46:54","modified_gmt":"2019-04-13T13:46:54","slug":"combate-a-dengue-pjf-realiza-forca-tarefa-em-221-quarteiroes-de-dez-bairros-de-jf","status":"publish","type":"post","link":"https:\/\/diarioregionaldigital.com.br\/?p=138215","title":{"rendered":"Combate \u00e0 dengue: PJF realiza for\u00e7a-tarefa em 221 quarteir\u00f5es de dez bairros de JF"},"content":{"rendered":"<p>Dez bairros de Juiz de Fora est\u00e3o no radar da Sala de Opera\u00e7\u00f5es da Dengue e v\u00e3o receber for\u00e7a-tarefa para eliminar focos do mosquito Aedes aegypti, transmissor da dengue e chikungunya. Os mutir\u00f5es ser\u00e3o realizados nos dias 15, 16, 17 e 22 de abril, quando agentes de combate a endemias e fiscais de posturas v\u00e3o vistoriar 221 quarteir\u00f5es.<\/p>\n<p>Al\u00e9m de fazer uma busca ativa de focos do Aedes, os profissionais realizar\u00e3o um levantamento dos problemas referentes \u00e0 transmiss\u00e3o de arboviroses de cada bairro vistoriado, criando um \u201cmapa falante\u201d. Este documento vai diagnosticar todos os problemas que precisam ser resolvidos nestas localidades, como bueiros entupidos, terrenos sujos que possam gerar criadouros do mosquito, entulho e ve\u00edculos abandonados em vias p\u00fablicas, entre outros problemas. Tudo isso ser\u00e1 mapeado e enviado para a Sala de Opera\u00e7\u00f5es da Dengue tomar as devidas provid\u00eancias.<\/p>\n<p>A primeira a\u00e7\u00e3o acontece na pr\u00f3xima segunda-feira, 15, nos bairros Santo Ant\u00f4nio e Alto Santo Ant\u00f4nio. Entre 7 e 14 horas, 70 agentes, al\u00e9m de fiscais de posturas, v\u00e3o vistoriar 59 quarteir\u00f5es nesta regi\u00e3o. A Secretaria de Sa\u00fade solicita o apoio dos moradores na abertura de suas resid\u00eancias para que os profissionais possam realizar o trabalho de tratamento focal. Eles estar\u00e3o identificados com crach\u00e1s. \u201cA colabora\u00e7\u00e3o da popula\u00e7\u00e3o \u00e9 de extrema import\u00e2ncia porque mais de 80% dos focos est\u00e3o dentro de casas ou quintais\u201d, enfatiza a gerente do Departamento de Vigil\u00e2ncia Epidemiol\u00f3gica e Ambiental (Dvea), Cec\u00edlia Kosman.<\/p>\n<p>Na ter\u00e7a-feira, 16, tamb\u00e9m entre 7 e 14 horas, o alvo ser\u00e3o 60 quarteir\u00f5es dos bairros Santa Luzia, Jardim de Al\u00e1 e Jardim Am\u00e9rica. Na quarta-feira, 17, Nova Benfica e Ponte Preta estar\u00e3o na rota dos agentes, que percorrer\u00e3o 51 quarteir\u00f5es. J\u00e1 no dia 22 de abril, entre 7 e 11 horas e das 13 \u00e0s 17 horas, a for\u00e7a-tarefa estar\u00e1 em 51 quarteir\u00f5es localizados em S\u00e3o Mateus, parte de Bom Bosco e Paineiras. Um dia ap\u00f3s cada for\u00e7a-tarefa, agentes retornar\u00e3o aos locais para aplicar inseticida a Ultra Baixo Volume (UBV), utilizado para controle do vetor Aedes aegypti.<\/p>\n<p>A Sala de Opera\u00e7\u00f5es da Dengue \u00e9 um \u201cbra\u00e7o operacional\u201d que avalia as den\u00fancias efetuadas no \u201cDisque Dengue\u201d, atrav\u00e9s do n\u00famero 199, ou pelo aplicativo Colab, e realiza a distribui\u00e7\u00e3o do trabalho. O plano extrapola a divis\u00e3o de secretarias. \u00c9 a\u00e7\u00e3o conjunta e integrada, que tem como objetivo aproveitar as funcionalidades de cada pasta para o controle vetorial.<\/p>\n<p>Fonte: PJF<\/p>\n","protected":false},"excerpt":{"rendered":"<p>Dez bairros de Juiz de Fora est\u00e3o no radar da Sala de Opera\u00e7\u00f5es da Dengue e v\u00e3o receber for\u00e7a-tarefa para eliminar focos do mosquito Aedes aegypti, transmissor da dengue e chikungunya. Os mutir\u00f5es ser\u00e3o realizados nos dias 15, 16, 17 e 22 de abril, quando agentes de combate a endemias e fiscais de posturas v\u00e3o [&hellip;]<\/p>\n","protected":false},"author":96,"featured_media":137711,"comment_status":"closed","ping_status":"closed","sticky":false,"template":"","format":"standard","meta":{"footnotes":""},"categories":[253,436,440,439],"tags":[],"class_list":["post-138215","post","type-post","status-publish","format-standard","has-post-thumbnail","hentry","category-cidade","category-destaque-da-semana","category-destaques-do-dia","category-ultima-hora"],"_links":{"self":[{"href":"https:\/\/diarioregionaldigital.com.br\/index.php?rest_route=\/wp\/v2\/posts\/138215","targetHints":{"allow":["GET"]}}],"collection":[{"href":"https:\/\/diarioregionaldigital.com.br\/index.php?rest_route=\/wp\/v2\/posts"}],"about":[{"href":"https:\/\/diarioregionaldigital.com.br\/index.php?rest_route=\/wp\/v2\/types\/post"}],"author":[{"embeddable":true,"href":"https:\/\/diarioregionaldigital.com.br\/index.php?rest_route=\/wp\/v2\/users\/96"}],"replies":[{"embeddable":true,"href":"https:\/\/diarioregionaldigital.com.br\/index.php?rest_route=%2Fwp%2Fv2%2Fcomments&post=138215"}],"version-history":[{"count":0,"href":"https:\/\/diarioregionaldigital.com.br\/index.php?rest_route=\/wp\/v2\/posts\/138215\/revisions"}],"wp:featuredmedia":[{"embeddable":true,"href":"https:\/\/diarioregionaldigital.com.br\/index.php?rest_route=\/wp\/v2\/media\/137711"}],"wp:attachment":[{"href":"https:\/\/diarioregionaldigital.com.br\/index.php?rest_route=%2Fwp%2Fv2%2Fmedia&parent=138215"}],"wp:term":[{"taxonomy":"category","embeddable":true,"href":"https:\/\/diarioregionaldigital.com.br\/index.php?rest_route=%2Fwp%2Fv2%2Fcategories&post=138215"},{"taxonomy":"post_tag","embeddable":true,"href":"https:\/\/diarioregionaldigital.com.br\/index.php?rest_route=%2Fwp%2Fv2%2Ftags&post=138215"}],"curies":[{"name":"wp","href":"https:\/\/api.w.org\/{rel}","templated":true}]}}