{"id":138204,"date":"2019-04-13T08:59:06","date_gmt":"2019-04-13T11:59:06","guid":{"rendered":"https:\/\/diarioregionaldigital.com.br\/?p=138204"},"modified":"2019-04-13T08:59:06","modified_gmt":"2019-04-13T11:59:06","slug":"flamengo-assina-permissao-de-uso-do-maracana","status":"publish","type":"post","link":"https:\/\/diarioregionaldigital.com.br\/?p=138204","title":{"rendered":"Flamengo assina permiss\u00e3o de uso do Maracan\u00e3"},"content":{"rendered":"<p>O governo do Rio de Janeiro assinou na sexta-feira, 12, a permiss\u00e3o de uso tempor\u00e1ria do est\u00e1dio do Maracan\u00e3 ao Flamengo, que dividir\u00e1 a gest\u00e3o com o Fluminense.<\/p>\n<p>A permiss\u00e3o vai vigorar por 180 dias, podendo ser prorrogada por mais 180. Nesse per\u00edodo, o estado vai preparar um edital para a concess\u00e3o definitiva do est\u00e1dio. As mudan\u00e7as na administra\u00e7\u00e3o do Maracan\u00e3 come\u00e7aram em 18 de mar\u00e7o, quando o governo anunciou que cancelaria a concess\u00e3o ao Cons\u00f3rcio Maracan\u00e3 S\/A.<\/p>\n<p>Na cerim\u00f4nia de assinatura, o governador Wilson Witzel disse que a mudan\u00e7a vai aumentar a renda dos clubes em jogos no est\u00e1dio. &#8220;O mandante fica com a bilheteria e mais a arrecada\u00e7\u00e3o da alimenta\u00e7\u00e3o e das bebidas. Isso \u00e9 bom para todos os clubes. Todos os que estiverem ali jogando estar\u00e3o sendo beneficiados&#8221;.<\/p>\n<p>O termo de permiss\u00e3o de uso incluiria o Fluminense tamb\u00e9m, mas o clube n\u00e3o tinha as Certid\u00f5es Negativas de D\u00e9bito para receber a permiss\u00e3o. Na cerim\u00f4nia, o governador chegou a dizer que o respons\u00e1vel pela gest\u00e3o era o Flamengo. &#8220;Vou cobrar do Flamengo&#8221;, acrescentou. O presidente do Flamengo, Rodolfo Landim, disse, no entanto, que os clubes v\u00e3o dividir os custos e a gest\u00e3o de forma igualit\u00e1ria.<\/p>\n<p>&#8220;O governo fez algo que h\u00e1 muito tempo \u00e9 a aspira\u00e7\u00e3o dos torcedores do Rio de Janeiro, que \u00e9 entregar o est\u00e1dio a quem tem p\u00fablico e que leva p\u00fablico ao est\u00e1dio&#8221;, disse Landim<\/p>\n<p>O presidente do Fluminense, Pedro Adad, explicou que as d\u00edvidas que impediram a obten\u00e7\u00e3o da certid\u00e3o j\u00e1 foram levantadas e os recursos para quit\u00e1-las est\u00e3o sendo reservados. &#8220;Assim que a gente apresentar a documenta\u00e7\u00e3o, a gente passa juridicamente \u00e0 mesma situa\u00e7\u00e3o de permission\u00e1rio&#8221;, disse, acrescentando que o novo modelo vai beneficiar todos os clubes. &#8220;N\u00e3o s\u00f3 Flamengo e Fluminense, mas Vasco e Botafogo tamb\u00e9m est\u00e3o mais do que convidados. Eles tamb\u00e9m constru\u00edram a hist\u00f3ria do Maracan\u00e3&#8221;.<\/p>\n<p>O Maracan\u00e3 tamb\u00e9m servir\u00e1 de sede para a Secretaria Estadual de Esporte, Lazer e Juventude e para a Secretaria Estadual de Turismo. O governo pretende refor\u00e7ar a atratividade tur\u00edstica do Maracan\u00e3 e divulgar cidades do interior nos espa\u00e7os de conviv\u00eancia do est\u00e1dio durante as partidas.<\/p>\n<p>Fonte: Ag\u00eancia Brasil<\/p>\n","protected":false},"excerpt":{"rendered":"<p>O governo do Rio de Janeiro assinou na sexta-feira, 12, a permiss\u00e3o de uso tempor\u00e1ria do est\u00e1dio do Maracan\u00e3 ao Flamengo, que dividir\u00e1 a gest\u00e3o com o Fluminense. A permiss\u00e3o vai vigorar por 180 dias, podendo ser prorrogada por mais 180. Nesse per\u00edodo, o estado vai preparar um edital para a concess\u00e3o definitiva do est\u00e1dio. [&hellip;]<\/p>\n","protected":false},"author":96,"featured_media":138207,"comment_status":"closed","ping_status":"closed","sticky":false,"template":"","format":"standard","meta":{"footnotes":""},"categories":[302,436,439],"tags":[],"class_list":["post-138204","post","type-post","status-publish","format-standard","has-post-thumbnail","hentry","category-brasil-mundo","category-destaque-da-semana","category-ultima-hora"],"_links":{"self":[{"href":"https:\/\/diarioregionaldigital.com.br\/index.php?rest_route=\/wp\/v2\/posts\/138204","targetHints":{"allow":["GET"]}}],"collection":[{"href":"https:\/\/diarioregionaldigital.com.br\/index.php?rest_route=\/wp\/v2\/posts"}],"about":[{"href":"https:\/\/diarioregionaldigital.com.br\/index.php?rest_route=\/wp\/v2\/types\/post"}],"author":[{"embeddable":true,"href":"https:\/\/diarioregionaldigital.com.br\/index.php?rest_route=\/wp\/v2\/users\/96"}],"replies":[{"embeddable":true,"href":"https:\/\/diarioregionaldigital.com.br\/index.php?rest_route=%2Fwp%2Fv2%2Fcomments&post=138204"}],"version-history":[{"count":0,"href":"https:\/\/diarioregionaldigital.com.br\/index.php?rest_route=\/wp\/v2\/posts\/138204\/revisions"}],"wp:featuredmedia":[{"embeddable":true,"href":"https:\/\/diarioregionaldigital.com.br\/index.php?rest_route=\/wp\/v2\/media\/138207"}],"wp:attachment":[{"href":"https:\/\/diarioregionaldigital.com.br\/index.php?rest_route=%2Fwp%2Fv2%2Fmedia&parent=138204"}],"wp:term":[{"taxonomy":"category","embeddable":true,"href":"https:\/\/diarioregionaldigital.com.br\/index.php?rest_route=%2Fwp%2Fv2%2Fcategories&post=138204"},{"taxonomy":"post_tag","embeddable":true,"href":"https:\/\/diarioregionaldigital.com.br\/index.php?rest_route=%2Fwp%2Fv2%2Ftags&post=138204"}],"curies":[{"name":"wp","href":"https:\/\/api.w.org\/{rel}","templated":true}]}}