{"id":138199,"date":"2019-04-13T08:51:12","date_gmt":"2019-04-13T11:51:12","guid":{"rendered":"https:\/\/diarioregionaldigital.com.br\/?p=138199"},"modified":"2019-04-13T08:51:12","modified_gmt":"2019-04-13T11:51:12","slug":"decreto-formaliza-criterios-para-doacao-de-bens-para-o-executivo","status":"publish","type":"post","link":"https:\/\/diarioregionaldigital.com.br\/?p=138199","title":{"rendered":"Decreto formaliza crit\u00e9rios para doa\u00e7\u00e3o de bens para o Executivo"},"content":{"rendered":"<p>Foi publicado na sexta-feira, 12, no Di\u00e1rio Oficial da Uni\u00e3o (DOU) o<a href=\"http:\/\/www.planalto.gov.br\/ccivil_03\/_ato2019-2022\/2019\/decreto\/D9764.htm\" target=\"_blank\" rel=\"noopener\">\u00a0decreto<\/a>\u00a0que formaliza os crit\u00e9rios para a doa\u00e7\u00e3o de bens m\u00f3veis ou servi\u00e7os para o Executivo por pessoas f\u00edsicas ou jur\u00eddicas. As regras come\u00e7am a valer a partir do pr\u00f3ximo dia 12 de agosto, 60 dias ap\u00f3s a publica\u00e7\u00e3o do decreto.<\/p>\n<p>A medida foi anunciada na quinta-feira, 11, em cerim\u00f4nia no Pal\u00e1cio do Planalto, como uma das a\u00e7\u00f5es de 100 dias de governo. De acordo com o decreto, al\u00e9m de bens m\u00f3veis, como mesas e cadeiras, podem ser oferecidos ao Executivo Federal consultorias e tecnologias de ponta, que possam auxiliar, por exemplo, na melhoria da gest\u00e3o p\u00fablica e na presta\u00e7\u00e3o de servi\u00e7os.<\/p>\n<p>Segundo o minist\u00e9rio da Economia, as doa\u00e7\u00f5es n\u00e3o ser\u00e3o realizadas se houver conflito de interesses; se gerar responsabilidade subsidi\u00e1ria ou despesa adicional que tornem a doa\u00e7\u00e3o antiecon\u00f4mica; ou se originar obriga\u00e7\u00e3o futura de contrata\u00e7\u00e3o, tanto no caso de marcas exclusivas quanto de servi\u00e7os que podem ser contratados por inexigibilidade de licita\u00e7\u00e3o.<\/p>\n<p>Ainda de acordo com o decreto, est\u00e3o impedidas de doar para o governo pessoas f\u00edsicas condenadas por ato de improbidade administrativa ou crime contra a administra\u00e7\u00e3o p\u00fablica. &#8220;No caso de pessoas jur\u00eddicas, a veda\u00e7\u00e3o \u00e9 quando forem declaradas inid\u00f4neas, suspensas, impedidas de contratar com a administra\u00e7\u00e3o p\u00fablica, tenham condena\u00e7\u00f5es por improbidade administrativa ou estiverem em d\u00e9bito com a seguridade social&#8221;.<\/p>\n<h2>Como doar<\/h2>\n<p>Foram estabelecidas duas formas de doa\u00e7\u00e3o, que n\u00e3o geram nenhum \u00f4nus ou pagamento de taxas. A primeira \u00e9 a Manifesta\u00e7\u00e3o de Interesse, processo eletr\u00f4nico em que os cidad\u00e3os ou empresas v\u00e3o cadastrar no\u00a0<a href=\"https:\/\/reuse.gov.br\/\" target=\"_blank\" rel=\"noopener\">reuse.gov<\/a>\u00a0os itens que desejam ofertar.<\/p>\n<p>A outra forma de contribui\u00e7\u00e3o \u00e9 por meio do Chamamento P\u00fablico, uma esp\u00e9cie de \u201cclassificados\u201d em que o governo publicar\u00e1 os itens que est\u00e1 precisando. Esse chamamento s\u00f3 poder\u00e1 ser realizado quando n\u00e3o houver disponibilidade de bens e servi\u00e7os que o governo necessita no reuse.gov \u2013 que j\u00e1 \u00e9 uma esp\u00e9cie de loja virtual do governo destinada a movimentar itens entre institui\u00e7\u00f5es p\u00fablicas.<\/p>\n<p>No caso do Chamamento P\u00fablico, a gest\u00e3o dos editais de divulga\u00e7\u00e3o ser\u00e1 da Central de Compras do Minist\u00e9rio da Economia. Essa modalidade centralizada vai desburocratizar o processo e gerar menos custo nas transfer\u00eancias de bens e servi\u00e7os. A etapa do recebimento de materiais e servi\u00e7os ser\u00e1 responsabilidade de cada \u00f3rg\u00e3o solicitante.<\/p>\n<p>A formaliza\u00e7\u00e3o das doa\u00e7\u00f5es ocorrer\u00e1 por meio de Termos de Doa\u00e7\u00e3o, que ser\u00e3o padronizados e publicados no Di\u00e1rio Oficial da Uni\u00e3o, para garantir transpar\u00eancia em rela\u00e7\u00e3o a todos os procedimentos.<\/p>\n<p>A medida foi inspirada nos exemplos da prefeitura de S\u00e3o Paulo e do governo de Minas Gerais.<\/p>\n<p>Fonte: Ag\u00eancia Brasil<\/p>\n","protected":false},"excerpt":{"rendered":"<p>Foi publicado na sexta-feira, 12, no Di\u00e1rio Oficial da Uni\u00e3o (DOU) o\u00a0decreto\u00a0que formaliza os crit\u00e9rios para a doa\u00e7\u00e3o de bens m\u00f3veis ou servi\u00e7os para o Executivo por pessoas f\u00edsicas ou jur\u00eddicas. As regras come\u00e7am a valer a partir do pr\u00f3ximo dia 12 de agosto, 60 dias ap\u00f3s a publica\u00e7\u00e3o do decreto. A medida foi anunciada [&hellip;]<\/p>\n","protected":false},"author":96,"featured_media":135741,"comment_status":"closed","ping_status":"closed","sticky":false,"template":"","format":"standard","meta":{"footnotes":""},"categories":[302,436,439],"tags":[],"class_list":["post-138199","post","type-post","status-publish","format-standard","has-post-thumbnail","hentry","category-brasil-mundo","category-destaque-da-semana","category-ultima-hora"],"_links":{"self":[{"href":"https:\/\/diarioregionaldigital.com.br\/index.php?rest_route=\/wp\/v2\/posts\/138199","targetHints":{"allow":["GET"]}}],"collection":[{"href":"https:\/\/diarioregionaldigital.com.br\/index.php?rest_route=\/wp\/v2\/posts"}],"about":[{"href":"https:\/\/diarioregionaldigital.com.br\/index.php?rest_route=\/wp\/v2\/types\/post"}],"author":[{"embeddable":true,"href":"https:\/\/diarioregionaldigital.com.br\/index.php?rest_route=\/wp\/v2\/users\/96"}],"replies":[{"embeddable":true,"href":"https:\/\/diarioregionaldigital.com.br\/index.php?rest_route=%2Fwp%2Fv2%2Fcomments&post=138199"}],"version-history":[{"count":0,"href":"https:\/\/diarioregionaldigital.com.br\/index.php?rest_route=\/wp\/v2\/posts\/138199\/revisions"}],"wp:featuredmedia":[{"embeddable":true,"href":"https:\/\/diarioregionaldigital.com.br\/index.php?rest_route=\/wp\/v2\/media\/135741"}],"wp:attachment":[{"href":"https:\/\/diarioregionaldigital.com.br\/index.php?rest_route=%2Fwp%2Fv2%2Fmedia&parent=138199"}],"wp:term":[{"taxonomy":"category","embeddable":true,"href":"https:\/\/diarioregionaldigital.com.br\/index.php?rest_route=%2Fwp%2Fv2%2Fcategories&post=138199"},{"taxonomy":"post_tag","embeddable":true,"href":"https:\/\/diarioregionaldigital.com.br\/index.php?rest_route=%2Fwp%2Fv2%2Ftags&post=138199"}],"curies":[{"name":"wp","href":"https:\/\/api.w.org\/{rel}","templated":true}]}}