{"id":138196,"date":"2019-04-13T08:11:38","date_gmt":"2019-04-13T11:11:38","guid":{"rendered":"https:\/\/diarioregionaldigital.com.br\/?p=138196"},"modified":"2019-04-13T08:11:38","modified_gmt":"2019-04-13T11:11:38","slug":"bolsa-fecha-com-queda-de-198-dolar-tem-alta-de-083","status":"publish","type":"post","link":"https:\/\/diarioregionaldigital.com.br\/?p=138196","title":{"rendered":"Bolsa fecha com queda de 1,98%; d\u00f3lar tem alta de 0,83%"},"content":{"rendered":"<p>A Bolsa de Valores fechou esta sexta-feira, 12, com baixa de 1,98%, com 92.875 pontos. Na abertura do mercado, a Bolsa registrava 94.682 pontos. Logo caiu para baixo dos 93.500 pontos, em seguida retomou o f\u00f4lego mas, no in\u00edcio da tarde, registrou forte queda e n\u00e3o se recuperou at\u00e9 seu fechamento. O d\u00f3lar comercial fechou em alta de 0,835%, valendo R$ 3,8892.<\/p>\n<p>Um dos respons\u00e1veis pela queda na bolsa foi o desempenho da Petrobras. A estatal registrou queda de 8,54% ap\u00f3s o presidente Jair Bolsonaro determinar a suspens\u00e3o do aumento do diesel. O presidente disse que quer\u00a0entender os motivos\u00a0do reajuste de 5,7% no combust\u00edvel.<\/p>\n<p>\u201cEu n\u00e3o vou ser intervencionista, n\u00e3o vou praticar a pol\u00edtica que fizeram no passado, mas eu quero os n\u00fameros da Petrobras. Tanto \u00e9 que na ter\u00e7a-feira convoquei todos da Petrobras para me esclarecer porque 5,7% de reajuste, quando a infla\u00e7\u00e3o projetada para este ano est\u00e1 abaixo de 5%. S\u00f3 isso, mais nada. Se me convencerem, tudo bem\u201d, disse o presidente hoje, em Macap\u00e1.<\/p>\n<p>Apesar de negar que est\u00e1 intervindo nos pre\u00e7os, o mercado costuma reagir mal quando o governo interfere diretamente em uma estatal competitiva como a Petrobras. As a\u00e7\u00f5es da empresa iniciaram o dia valendo R$ 30,23; chegaram a valer R$ 30,52, mas encerraram o dia valendo R$ 29,13.<\/p>\n<p>A maior alta foi registrada pela JBS. Suas a\u00e7\u00f5es tiveram alta de 4,44% e encerraram o dia valendo R$ 17,64.<\/p>\n<p>Fonte: Ag\u00eancia Brasil<\/p>\n","protected":false},"excerpt":{"rendered":"<p>A Bolsa de Valores fechou esta sexta-feira, 12, com baixa de 1,98%, com 92.875 pontos. Na abertura do mercado, a Bolsa registrava 94.682 pontos. Logo caiu para baixo dos 93.500 pontos, em seguida retomou o f\u00f4lego mas, no in\u00edcio da tarde, registrou forte queda e n\u00e3o se recuperou at\u00e9 seu fechamento. O d\u00f3lar comercial fechou [&hellip;]<\/p>\n","protected":false},"author":96,"featured_media":138197,"comment_status":"closed","ping_status":"closed","sticky":false,"template":"","format":"standard","meta":{"footnotes":""},"categories":[436,261,439],"tags":[],"class_list":["post-138196","post","type-post","status-publish","format-standard","has-post-thumbnail","hentry","category-destaque-da-semana","category-economia","category-ultima-hora"],"_links":{"self":[{"href":"https:\/\/diarioregionaldigital.com.br\/index.php?rest_route=\/wp\/v2\/posts\/138196","targetHints":{"allow":["GET"]}}],"collection":[{"href":"https:\/\/diarioregionaldigital.com.br\/index.php?rest_route=\/wp\/v2\/posts"}],"about":[{"href":"https:\/\/diarioregionaldigital.com.br\/index.php?rest_route=\/wp\/v2\/types\/post"}],"author":[{"embeddable":true,"href":"https:\/\/diarioregionaldigital.com.br\/index.php?rest_route=\/wp\/v2\/users\/96"}],"replies":[{"embeddable":true,"href":"https:\/\/diarioregionaldigital.com.br\/index.php?rest_route=%2Fwp%2Fv2%2Fcomments&post=138196"}],"version-history":[{"count":0,"href":"https:\/\/diarioregionaldigital.com.br\/index.php?rest_route=\/wp\/v2\/posts\/138196\/revisions"}],"wp:featuredmedia":[{"embeddable":true,"href":"https:\/\/diarioregionaldigital.com.br\/index.php?rest_route=\/wp\/v2\/media\/138197"}],"wp:attachment":[{"href":"https:\/\/diarioregionaldigital.com.br\/index.php?rest_route=%2Fwp%2Fv2%2Fmedia&parent=138196"}],"wp:term":[{"taxonomy":"category","embeddable":true,"href":"https:\/\/diarioregionaldigital.com.br\/index.php?rest_route=%2Fwp%2Fv2%2Fcategories&post=138196"},{"taxonomy":"post_tag","embeddable":true,"href":"https:\/\/diarioregionaldigital.com.br\/index.php?rest_route=%2Fwp%2Fv2%2Ftags&post=138196"}],"curies":[{"name":"wp","href":"https:\/\/api.w.org\/{rel}","templated":true}]}}