{"id":138184,"date":"2019-04-14T06:00:22","date_gmt":"2019-04-14T09:00:22","guid":{"rendered":"https:\/\/diarioregionaldigital.com.br\/?p=138184"},"modified":"2019-04-12T21:12:51","modified_gmt":"2019-04-13T00:12:51","slug":"entre-elas","status":"publish","type":"post","link":"https:\/\/diarioregionaldigital.com.br\/?p=138184","title":{"rendered":"\u201cEntre Elas\u201d"},"content":{"rendered":"<p style=\"text-align: center;\"><strong>Alerta M\u00e1ximo<\/strong><\/p>\n<p style=\"text-align: center;\">Em boa hora, a Santa Casa de Miseric\u00f3rdia de Juiz de Fora promoveu a\u00e7\u00f5es educativas e de conscientiza\u00e7\u00e3o sobre acidentes de tr\u00e2nsito em parceria com a PM Rodovi\u00e1ria e o Corpo de Bombeiros.<\/p>\n<p style=\"text-align: center;\"><strong>Paralelamente<\/strong><\/p>\n<p style=\"text-align: center;\">Com o objeto de unificar impostos, o governo j\u00e1 articula para encaminhar ao Congresso uma proposta de reforma tribut\u00e1ria que tramite em paralelo \u00e0 reforma da Previd\u00eancia. O tema foi um dos assuntos tratados nas reuni\u00f5es realizadas recentemente entre parlamentares e o ministro da Economia, Paulo Guedes.<\/p>\n<p style=\"text-align: center;\"><span style=\"font-size: 14pt;\"><strong>\u201cEntre Elas\u201d<\/strong><\/span><\/p>\n<p style=\"text-align: center;\">Com alt\u00edssimo astral, o Sinteac promoveu um super caf\u00e9 da manh\u00e3, no Serrano Hotel em Juiz de Fora, comemorando o \u201cM\u00eas Internacional da Mulher\u201d. O evento preparado para valorizar a for\u00e7a, a vida, o empoderamento e a coragem das mulheres teve especial palestra sobre empreendedorismo com a deputada estadual e delegada Sheila Oliveira e homenagem a Dona Geralda Martins Ferreira (Dona Lalade), no alto de seus 116 anos. As fotos registram.<\/p>\n<div id=\"attachment_138175\" style=\"width: 690px\" class=\"wp-caption aligncenter\"><img loading=\"lazy\" decoding=\"async\" aria-describedby=\"caption-attachment-138175\" class=\"wp-image-138175\" src=\"https:\/\/diarioregionaldigital.com.br\/wp-content\/uploads\/2019\/04\/fotoa-10-e1555113626497.jpg\" alt=\"\" width=\"680\" height=\"455\" srcset=\"https:\/\/diarioregionaldigital.com.br\/wp-content\/uploads\/2019\/04\/fotoa-10-e1555113626497.jpg 1561w, https:\/\/diarioregionaldigital.com.br\/wp-content\/uploads\/2019\/04\/fotoa-10-e1555113626497-300x201.jpg 300w, https:\/\/diarioregionaldigital.com.br\/wp-content\/uploads\/2019\/04\/fotoa-10-e1555113626497-768x514.jpg 768w, https:\/\/diarioregionaldigital.com.br\/wp-content\/uploads\/2019\/04\/fotoa-10-e1555113626497-1024x685.jpg 1024w, https:\/\/diarioregionaldigital.com.br\/wp-content\/uploads\/2019\/04\/fotoa-10-e1555113626497-360x241.jpg 360w\" sizes=\"auto, (max-width: 680px) 100vw, 680px\" \/><p id=\"caption-attachment-138175\" class=\"wp-caption-text\">Homero Ad\u00f3rio (Pres. Pr\u00f3-Melhoramento S\u00e3o Mateus), Eduardo Gomes, deputada estadual delegada Sheila Oliveira e S\u00e9rgio Felix (presidente do Sinteac)<\/p><\/div>\n<div id=\"attachment_138176\" style=\"width: 690px\" class=\"wp-caption aligncenter\"><img loading=\"lazy\" decoding=\"async\" aria-describedby=\"caption-attachment-138176\" class=\"wp-image-138176\" src=\"https:\/\/diarioregionaldigital.com.br\/wp-content\/uploads\/2019\/04\/fotob-10-e1555113847112.jpg\" alt=\"\" width=\"680\" height=\"376\" srcset=\"https:\/\/diarioregionaldigital.com.br\/wp-content\/uploads\/2019\/04\/fotob-10-e1555113847112.jpg 1495w, https:\/\/diarioregionaldigital.com.br\/wp-content\/uploads\/2019\/04\/fotob-10-e1555113847112-300x166.jpg 300w, https:\/\/diarioregionaldigital.com.br\/wp-content\/uploads\/2019\/04\/fotob-10-e1555113847112-768x425.jpg 768w, https:\/\/diarioregionaldigital.com.br\/wp-content\/uploads\/2019\/04\/fotob-10-e1555113847112-1024x566.jpg 1024w, https:\/\/diarioregionaldigital.com.br\/wp-content\/uploads\/2019\/04\/fotob-10-e1555113847112-360x199.jpg 360w\" sizes=\"auto, (max-width: 680px) 100vw, 680px\" \/><p id=\"caption-attachment-138176\" class=\"wp-caption-text\">Carlos Roberto, Arlinda Messias, Sandra Regina, Ailton Rodrigues e Felipe Vassalo<\/p><\/div>\n<div id=\"attachment_138177\" style=\"width: 690px\" class=\"wp-caption aligncenter\"><img loading=\"lazy\" decoding=\"async\" aria-describedby=\"caption-attachment-138177\" class=\"wp-image-138177\" src=\"https:\/\/diarioregionaldigital.com.br\/wp-content\/uploads\/2019\/04\/fotoc-10-e1555113899209.jpg\" alt=\"\" width=\"680\" height=\"462\" srcset=\"https:\/\/diarioregionaldigital.com.br\/wp-content\/uploads\/2019\/04\/fotoc-10-e1555113899209.jpg 1428w, https:\/\/diarioregionaldigital.com.br\/wp-content\/uploads\/2019\/04\/fotoc-10-e1555113899209-300x204.jpg 300w, https:\/\/diarioregionaldigital.com.br\/wp-content\/uploads\/2019\/04\/fotoc-10-e1555113899209-768x522.jpg 768w, https:\/\/diarioregionaldigital.com.br\/wp-content\/uploads\/2019\/04\/fotoc-10-e1555113899209-1024x696.jpg 1024w, https:\/\/diarioregionaldigital.com.br\/wp-content\/uploads\/2019\/04\/fotoc-10-e1555113899209-360x245.jpg 360w\" sizes=\"auto, (max-width: 680px) 100vw, 680px\" \/><p id=\"caption-attachment-138177\" class=\"wp-caption-text\">A palestrante deputada estadual delegada Sheila Oliveira<\/p><\/div>\n<div id=\"attachment_138178\" style=\"width: 690px\" class=\"wp-caption aligncenter\"><img loading=\"lazy\" decoding=\"async\" aria-describedby=\"caption-attachment-138178\" class=\"wp-image-138178\" src=\"https:\/\/diarioregionaldigital.com.br\/wp-content\/uploads\/2019\/04\/fotod-7-e1555113922166.jpg\" alt=\"\" width=\"680\" height=\"440\" srcset=\"https:\/\/diarioregionaldigital.com.br\/wp-content\/uploads\/2019\/04\/fotod-7-e1555113922166.jpg 1442w, https:\/\/diarioregionaldigital.com.br\/wp-content\/uploads\/2019\/04\/fotod-7-e1555113922166-300x194.jpg 300w, https:\/\/diarioregionaldigital.com.br\/wp-content\/uploads\/2019\/04\/fotod-7-e1555113922166-768x497.jpg 768w, https:\/\/diarioregionaldigital.com.br\/wp-content\/uploads\/2019\/04\/fotod-7-e1555113922166-1024x663.jpg 1024w, https:\/\/diarioregionaldigital.com.br\/wp-content\/uploads\/2019\/04\/fotod-7-e1555113922166-1440x934.jpg 1440w, https:\/\/diarioregionaldigital.com.br\/wp-content\/uploads\/2019\/04\/fotod-7-e1555113922166-360x233.jpg 360w\" sizes=\"auto, (max-width: 680px) 100vw, 680px\" \/><p id=\"caption-attachment-138178\" class=\"wp-caption-text\">A plateia no Serrano Hotel<\/p><\/div>\n<div id=\"attachment_138179\" style=\"width: 690px\" class=\"wp-caption aligncenter\"><img loading=\"lazy\" decoding=\"async\" aria-describedby=\"caption-attachment-138179\" class=\"wp-image-138179\" src=\"https:\/\/diarioregionaldigital.com.br\/wp-content\/uploads\/2019\/04\/fotoe-6-e1555113952573.jpg\" alt=\"\" width=\"680\" height=\"449\" srcset=\"https:\/\/diarioregionaldigital.com.br\/wp-content\/uploads\/2019\/04\/fotoe-6-e1555113952573.jpg 1711w, https:\/\/diarioregionaldigital.com.br\/wp-content\/uploads\/2019\/04\/fotoe-6-e1555113952573-300x198.jpg 300w, https:\/\/diarioregionaldigital.com.br\/wp-content\/uploads\/2019\/04\/fotoe-6-e1555113952573-768x507.jpg 768w, https:\/\/diarioregionaldigital.com.br\/wp-content\/uploads\/2019\/04\/fotoe-6-e1555113952573-1024x676.jpg 1024w, https:\/\/diarioregionaldigital.com.br\/wp-content\/uploads\/2019\/04\/fotoe-6-e1555113952573-1440x950.jpg 1440w, https:\/\/diarioregionaldigital.com.br\/wp-content\/uploads\/2019\/04\/fotoe-6-e1555113952573-360x238.jpg 360w\" sizes=\"auto, (max-width: 680px) 100vw, 680px\" \/><p id=\"caption-attachment-138179\" class=\"wp-caption-text\">Mesa de Caf\u00e9 da manh\u00e3<\/p><\/div>\n<div id=\"attachment_138180\" style=\"width: 690px\" class=\"wp-caption aligncenter\"><img loading=\"lazy\" decoding=\"async\" aria-describedby=\"caption-attachment-138180\" class=\"wp-image-138180\" src=\"https:\/\/diarioregionaldigital.com.br\/wp-content\/uploads\/2019\/04\/fotof-9-e1555113991599.jpg\" alt=\"\" width=\"680\" height=\"506\" srcset=\"https:\/\/diarioregionaldigital.com.br\/wp-content\/uploads\/2019\/04\/fotof-9-e1555113991599.jpg 1162w, https:\/\/diarioregionaldigital.com.br\/wp-content\/uploads\/2019\/04\/fotof-9-e1555113991599-300x223.jpg 300w, https:\/\/diarioregionaldigital.com.br\/wp-content\/uploads\/2019\/04\/fotof-9-e1555113991599-768x571.jpg 768w, https:\/\/diarioregionaldigital.com.br\/wp-content\/uploads\/2019\/04\/fotof-9-e1555113991599-1024x761.jpg 1024w, https:\/\/diarioregionaldigital.com.br\/wp-content\/uploads\/2019\/04\/fotof-9-e1555113991599-360x268.jpg 360w\" sizes=\"auto, (max-width: 680px) 100vw, 680px\" \/><p id=\"caption-attachment-138180\" class=\"wp-caption-text\">Magaly Fernandino, Eduardo Gomes, Maria Ang\u00e9lica Rebou\u00e7as<\/p><\/div>\n<div id=\"attachment_138181\" style=\"width: 690px\" class=\"wp-caption aligncenter\"><img loading=\"lazy\" decoding=\"async\" aria-describedby=\"caption-attachment-138181\" class=\"wp-image-138181\" src=\"https:\/\/diarioregionaldigital.com.br\/wp-content\/uploads\/2019\/04\/fotog-9-e1555114025551.jpg\" alt=\"\" width=\"680\" height=\"494\" srcset=\"https:\/\/diarioregionaldigital.com.br\/wp-content\/uploads\/2019\/04\/fotog-9-e1555114025551.jpg 1420w, https:\/\/diarioregionaldigital.com.br\/wp-content\/uploads\/2019\/04\/fotog-9-e1555114025551-300x218.jpg 300w, https:\/\/diarioregionaldigital.com.br\/wp-content\/uploads\/2019\/04\/fotog-9-e1555114025551-768x558.jpg 768w, https:\/\/diarioregionaldigital.com.br\/wp-content\/uploads\/2019\/04\/fotog-9-e1555114025551-1024x743.jpg 1024w, https:\/\/diarioregionaldigital.com.br\/wp-content\/uploads\/2019\/04\/fotog-9-e1555114025551-360x261.jpg 360w\" sizes=\"auto, (max-width: 680px) 100vw, 680px\" \/><p id=\"caption-attachment-138181\" class=\"wp-caption-text\">Homero Ad\u00e1rio (Pres. Pr\u00f3 Melhoramento S\u00e3o Mateus), Wilson Resende, S\u00e9rgio Ribeiro, Eduardo Gomes<\/p><\/div>\n<div id=\"attachment_138182\" style=\"width: 690px\" class=\"wp-caption aligncenter\"><img loading=\"lazy\" decoding=\"async\" aria-describedby=\"caption-attachment-138182\" class=\"wp-image-138182\" src=\"https:\/\/diarioregionaldigital.com.br\/wp-content\/uploads\/2019\/04\/fotoh-6-e1555114061157.jpg\" alt=\"\" width=\"680\" height=\"369\" srcset=\"https:\/\/diarioregionaldigital.com.br\/wp-content\/uploads\/2019\/04\/fotoh-6-e1555114061157.jpg 1552w, https:\/\/diarioregionaldigital.com.br\/wp-content\/uploads\/2019\/04\/fotoh-6-e1555114061157-300x163.jpg 300w, https:\/\/diarioregionaldigital.com.br\/wp-content\/uploads\/2019\/04\/fotoh-6-e1555114061157-768x417.jpg 768w, https:\/\/diarioregionaldigital.com.br\/wp-content\/uploads\/2019\/04\/fotoh-6-e1555114061157-1024x556.jpg 1024w, https:\/\/diarioregionaldigital.com.br\/wp-content\/uploads\/2019\/04\/fotoh-6-e1555114061157-360x195.jpg 360w\" sizes=\"auto, (max-width: 680px) 100vw, 680px\" \/><p id=\"caption-attachment-138182\" class=\"wp-caption-text\">Presen\u00e7as especiais no Serrano Hotel<\/p><\/div>\n<div id=\"attachment_138183\" style=\"width: 690px\" class=\"wp-caption aligncenter\"><img loading=\"lazy\" decoding=\"async\" aria-describedby=\"caption-attachment-138183\" class=\"wp-image-138183\" src=\"https:\/\/diarioregionaldigital.com.br\/wp-content\/uploads\/2019\/04\/fotoi-5-e1555114090684.jpg\" alt=\"\" width=\"680\" height=\"482\" srcset=\"https:\/\/diarioregionaldigital.com.br\/wp-content\/uploads\/2019\/04\/fotoi-5-e1555114090684.jpg 1628w, https:\/\/diarioregionaldigital.com.br\/wp-content\/uploads\/2019\/04\/fotoi-5-e1555114090684-300x213.jpg 300w, https:\/\/diarioregionaldigital.com.br\/wp-content\/uploads\/2019\/04\/fotoi-5-e1555114090684-768x544.jpg 768w, https:\/\/diarioregionaldigital.com.br\/wp-content\/uploads\/2019\/04\/fotoi-5-e1555114090684-1024x726.jpg 1024w, https:\/\/diarioregionaldigital.com.br\/wp-content\/uploads\/2019\/04\/fotoi-5-e1555114090684-750x530.jpg 750w, https:\/\/diarioregionaldigital.com.br\/wp-content\/uploads\/2019\/04\/fotoi-5-e1555114090684-360x255.jpg 360w, https:\/\/diarioregionaldigital.com.br\/wp-content\/uploads\/2019\/04\/fotoi-5-e1555114090684-100x70.jpg 100w\" sizes=\"auto, (max-width: 680px) 100vw, 680px\" \/><p id=\"caption-attachment-138183\" class=\"wp-caption-text\">Dona Lalade sendo homenageada pela diretora do Sinteac Rita das Dores<\/p><\/div>\n<p style=\"text-align: center;\"><strong>FOTOSS\u00cdNTESE<\/strong><\/p>\n<p>Din\u00e2micos e atuantes, o presidente do Sinteac, S\u00e9rgio F\u00e9lix, juntamente com o vice, Ailton Rodrigues, estiveram presentes no 4\u00ba Congresso da UGT Minas.<\/p>\n<p>Muito aplaudida e querida pela popula\u00e7\u00e3o de Juiz de Fora, a delegada Ione Barbosa j\u00e1 responde pela 4\u00aa Delegacia, respons\u00e1vel pelos bairros da zona Nordeste.<\/p>\n<p>Para os dias 19 e 20 de abril (Semana Santa), vai bombar o Ibitipoca Music Festival, no Alpha Ville Chal\u00e9s. No palco na sexta,19, Biquini Cavad\u00e3o e no s\u00e1bado, 20, \u00e0s 20h, Skank.<\/p>\n<p>A equipe Carioca da Gema, do Rio de Janeiro, foi a campe\u00e3 da quinta edi\u00e7\u00e3o da Ta\u00e7a Juiz de Fora de Voleibol Feminino, realizado no Sesc Pousada.<\/p>\n<p>J\u00e1 est\u00e1 a pleno vapor o Festival de hamb\u00farguer no S\u00e3o Mateus. O evento vai at\u00e9 junho com participantes do p\u00f3lo gastron\u00f4mico do bairro e estabelecimentos convidados. Dentre destaques o bar An\u00e3o Gigante inova com o burguer que vem no p\u00e3o de a\u00e7a\u00ed, blend bovino e tr\u00eas queijos, servido com batatas r\u00fasticas.<\/p>\n<p>No Museu de Arte Murilo Mendes (MAMM) est\u00e3o em exposi\u00e7\u00e3o as pinturas desenhos e objetos com o tema \u201cMinimundos\u201d, assinados por Ronald Polito.<\/p>\n<p>Dignos de elogios, Claudia Scaldini e Thiago Alvim arrasaram no Iron Man 70.3 realizado em Port Elizabeth, na \u00c1frica do Sul. Sendo assim eles garantiram classifica\u00e7\u00e3o para o Mundial, que vai ser no Havai, dia 12 de outubro.<\/p>\n<p>Com apurad\u00edssimo bom gosto, Ricardo Barcellos \u00e9 autor do painel abstrato geom\u00e9trico no \u2018Hall\u2019 do Centro Executivo Rei Alberto.<\/p>\n<p>O novo comandante da 99\u00ba da PMMG, o capit\u00e3o Dimas Luiz Ferraz, participou de reuni\u00e3o na sede da Ambra \u2013 Associa\u00e7\u00e3o dos Moradores da Regi\u00e3o do Aeroporto.<\/p>\n<p>A elegante Maria L\u00facia Saraiva veio do Rio e circulou pelos lugares finos de Juiz de Fora.<\/p>\n<p>Sem coment\u00e1rios o \u2018fake news\u2019 a respeito da morte do querido Padre Pierre. \u00c9 coisa de gente que n\u00e3o tem servi\u00e7o. Al\u00f4 Pol\u00edcia !!!<\/p>\n<p>Aten\u00e7\u00e3o brother: A melhor rede social ainda \u00e9 uma mesa rodeada de amigos. Bom dia.<\/p>\n<p><img loading=\"lazy\" decoding=\"async\" class=\"aligncenter size-full wp-image-137824\" src=\"https:\/\/diarioregionaldigital.com.br\/wp-content\/uploads\/2019\/04\/arte-nova.jpg\" alt=\"\" width=\"3493\" height=\"2431\" srcset=\"https:\/\/diarioregionaldigital.com.br\/wp-content\/uploads\/2019\/04\/arte-nova.jpg 3493w, https:\/\/diarioregionaldigital.com.br\/wp-content\/uploads\/2019\/04\/arte-nova-300x210.jpg 300w, https:\/\/diarioregionaldigital.com.br\/wp-content\/uploads\/2019\/04\/arte-nova-768x534.jpg 768w, https:\/\/diarioregionaldigital.com.br\/wp-content\/uploads\/2019\/04\/arte-nova-1024x713.jpg 1024w, https:\/\/diarioregionaldigital.com.br\/wp-content\/uploads\/2019\/04\/arte-nova-360x251.jpg 360w, https:\/\/diarioregionaldigital.com.br\/wp-content\/uploads\/2019\/04\/arte-nova-100x70.jpg 100w\" sizes=\"auto, (max-width: 3493px) 100vw, 3493px\" \/><\/p>\n","protected":false},"excerpt":{"rendered":"<p>Alerta M\u00e1ximo Em boa hora, a Santa Casa de Miseric\u00f3rdia de Juiz de Fora promoveu a\u00e7\u00f5es educativas e de conscientiza\u00e7\u00e3o sobre acidentes de tr\u00e2nsito em parceria com a PM Rodovi\u00e1ria e o Corpo de Bombeiros. Paralelamente Com o objeto de unificar impostos, o governo j\u00e1 articula para encaminhar ao Congresso uma proposta de reforma tribut\u00e1ria [&hellip;]<\/p>\n","protected":false},"author":96,"featured_media":138175,"comment_status":"closed","ping_status":"closed","sticky":false,"template":"","format":"standard","meta":{"footnotes":""},"categories":[264],"tags":[],"class_list":["post-138184","post","type-post","status-publish","format-standard","has-post-thumbnail","hentry","category-eduardo-gomes"],"_links":{"self":[{"href":"https:\/\/diarioregionaldigital.com.br\/index.php?rest_route=\/wp\/v2\/posts\/138184","targetHints":{"allow":["GET"]}}],"collection":[{"href":"https:\/\/diarioregionaldigital.com.br\/index.php?rest_route=\/wp\/v2\/posts"}],"about":[{"href":"https:\/\/diarioregionaldigital.com.br\/index.php?rest_route=\/wp\/v2\/types\/post"}],"author":[{"embeddable":true,"href":"https:\/\/diarioregionaldigital.com.br\/index.php?rest_route=\/wp\/v2\/users\/96"}],"replies":[{"embeddable":true,"href":"https:\/\/diarioregionaldigital.com.br\/index.php?rest_route=%2Fwp%2Fv2%2Fcomments&post=138184"}],"version-history":[{"count":0,"href":"https:\/\/diarioregionaldigital.com.br\/index.php?rest_route=\/wp\/v2\/posts\/138184\/revisions"}],"wp:featuredmedia":[{"embeddable":true,"href":"https:\/\/diarioregionaldigital.com.br\/index.php?rest_route=\/wp\/v2\/media\/138175"}],"wp:attachment":[{"href":"https:\/\/diarioregionaldigital.com.br\/index.php?rest_route=%2Fwp%2Fv2%2Fmedia&parent=138184"}],"wp:term":[{"taxonomy":"category","embeddable":true,"href":"https:\/\/diarioregionaldigital.com.br\/index.php?rest_route=%2Fwp%2Fv2%2Fcategories&post=138184"},{"taxonomy":"post_tag","embeddable":true,"href":"https:\/\/diarioregionaldigital.com.br\/index.php?rest_route=%2Fwp%2Fv2%2Ftags&post=138184"}],"curies":[{"name":"wp","href":"https:\/\/api.w.org\/{rel}","templated":true}]}}