{"id":138119,"date":"2019-04-12T13:34:41","date_gmt":"2019-04-12T16:34:41","guid":{"rendered":"https:\/\/diarioregionaldigital.com.br\/?p=138119"},"modified":"2019-04-12T13:34:41","modified_gmt":"2019-04-12T16:34:41","slug":"setor-de-servicos-tem-queda-de-04-de-janeiro-para-fevereiro","status":"publish","type":"post","link":"https:\/\/diarioregionaldigital.com.br\/?p=138119","title":{"rendered":"Setor de servi\u00e7os tem queda de 0,4% de janeiro para fevereiro"},"content":{"rendered":"<p>O volume de servi\u00e7os no pa\u00eds recuou 0,4% na passagem de janeiro para fevereiro. Essa \u00e9 a segunda queda consecutiva do indicador, que j\u00e1 havia ca\u00eddo 0,4% entre dezembro e janeiro. Os dados s\u00e3o da Pesquisa Mensal de Servi\u00e7os (PMS), divulgados nesta sexta, 12, no Rio de Janeiro, pelo Instituto Brasileiro de Geografia e Estat\u00edstica (IBGE).<\/p>\n<p>Nos outros tipos de compara\u00e7\u00e3o, no entanto, o setor de servi\u00e7os apresenta altas: 3,8% na compara\u00e7\u00e3o com fevereiro do ano passado, 2,9% no acumulado do ano e 0,7% no acumulado de 12 meses.<\/p>\n<p>Na passagem de janeiro para fevereiro, tr\u00eas das cinco atividades de servi\u00e7os pesquisadas pelo IBGE tiveram queda: transportes, servi\u00e7os auxiliares aos transportes e correio (-2,6%), outros servi\u00e7os (-3,8%) e servi\u00e7os prestados \u00e0s fam\u00edlias (-1,1%).<\/p>\n<p>Os servi\u00e7os profissionais, administrativos e complementares mostraram estabilidade. O \u00fanico segmento em alta foi o de servi\u00e7os de informa\u00e7\u00e3o e comunica\u00e7\u00e3o (0,8%).<\/p>\n<p>A receita nominal dos servi\u00e7os teve queda de 0,4% na compara\u00e7\u00e3o com janeiro e altas nas outras compara\u00e7\u00f5es: 6,5% em rela\u00e7\u00e3o a fevereiro de 2018, 6% no acumulado do ano e 3,6% no acumulado de 12 meses.<\/p>\n<p>&nbsp;<\/p>\n<p>Fonte: Ag\u00eancia Brasil<\/p>\n<p>&nbsp;<\/p>\n","protected":false},"excerpt":{"rendered":"<p>O volume de servi\u00e7os no pa\u00eds recuou 0,4% na passagem de janeiro para fevereiro. Essa \u00e9 a segunda queda consecutiva do indicador, que j\u00e1 havia ca\u00eddo 0,4% entre dezembro e janeiro. Os dados s\u00e3o da Pesquisa Mensal de Servi\u00e7os (PMS), divulgados nesta sexta, 12, no Rio de Janeiro, pelo Instituto Brasileiro de Geografia e Estat\u00edstica [&hellip;]<\/p>\n","protected":false},"author":96,"featured_media":138121,"comment_status":"closed","ping_status":"closed","sticky":false,"template":"","format":"standard","meta":{"footnotes":""},"categories":[436,261,262,439],"tags":[],"class_list":["post-138119","post","type-post","status-publish","format-standard","has-post-thumbnail","hentry","category-destaque-da-semana","category-economia","category-noticias","category-ultima-hora"],"_links":{"self":[{"href":"https:\/\/diarioregionaldigital.com.br\/index.php?rest_route=\/wp\/v2\/posts\/138119","targetHints":{"allow":["GET"]}}],"collection":[{"href":"https:\/\/diarioregionaldigital.com.br\/index.php?rest_route=\/wp\/v2\/posts"}],"about":[{"href":"https:\/\/diarioregionaldigital.com.br\/index.php?rest_route=\/wp\/v2\/types\/post"}],"author":[{"embeddable":true,"href":"https:\/\/diarioregionaldigital.com.br\/index.php?rest_route=\/wp\/v2\/users\/96"}],"replies":[{"embeddable":true,"href":"https:\/\/diarioregionaldigital.com.br\/index.php?rest_route=%2Fwp%2Fv2%2Fcomments&post=138119"}],"version-history":[{"count":0,"href":"https:\/\/diarioregionaldigital.com.br\/index.php?rest_route=\/wp\/v2\/posts\/138119\/revisions"}],"wp:featuredmedia":[{"embeddable":true,"href":"https:\/\/diarioregionaldigital.com.br\/index.php?rest_route=\/wp\/v2\/media\/138121"}],"wp:attachment":[{"href":"https:\/\/diarioregionaldigital.com.br\/index.php?rest_route=%2Fwp%2Fv2%2Fmedia&parent=138119"}],"wp:term":[{"taxonomy":"category","embeddable":true,"href":"https:\/\/diarioregionaldigital.com.br\/index.php?rest_route=%2Fwp%2Fv2%2Fcategories&post=138119"},{"taxonomy":"post_tag","embeddable":true,"href":"https:\/\/diarioregionaldigital.com.br\/index.php?rest_route=%2Fwp%2Fv2%2Ftags&post=138119"}],"curies":[{"name":"wp","href":"https:\/\/api.w.org\/{rel}","templated":true}]}}