{"id":138072,"date":"2019-04-14T06:00:56","date_gmt":"2019-04-14T09:00:56","guid":{"rendered":"https:\/\/diarioregionaldigital.com.br\/?p=138072"},"modified":"2019-04-11T19:22:27","modified_gmt":"2019-04-11T22:22:27","slug":"producao-e-vendas-de-motocicletas-crescem-e-superam-expectativas","status":"publish","type":"post","link":"https:\/\/diarioregionaldigital.com.br\/?p=138072","title":{"rendered":"Produ\u00e7\u00e3o e vendas de motocicletas crescem e superam expectativas"},"content":{"rendered":"<p>Nos tr\u00eas primeiros meses do ano foram produzidas 276.835 motocicletas no pa\u00eds, um aumento de 6,6% ante igual per\u00edodo do ano passado, quando foram produzidas 259.587 unidades, segundo dados da Associa\u00e7\u00e3o Brasileira dos Fabricantes de Motocicletas, Ciclomotores, Motonetas, Bicicletas e Similares (Abraciclo).<\/p>\n<p>As vendas no atacado tamb\u00e9m acompanharam o movimento de alta no primeiro trimestre, somando 270.641 motocicletas comercializadas, uma alta de 15,7% ante mesmo per\u00edodo de 2018 (234.010) . Apenas em mar\u00e7o o repasse de motocicletas para as concession\u00e1rias foi de 93.559 unidades, aumento de 7,2% na compara\u00e7\u00e3o com mar\u00e7o de 2018 (87.243unidades). Na compara\u00e7\u00e3o com fevereiro foi registrada queda de 2% (95.427 unidades).<\/p>\n<p>Na avalia\u00e7\u00e3o de Marcos Fermanian, presidente da Abraciclo, a retomada do setor de motocicletas no mercado interno no primeiro trimestre superou as expectativas. \u201cA estabilidade das taxas de juros no menor patamar hist\u00f3rico e a amplia\u00e7\u00e3o da oferta de cr\u00e9dito pelos bancos t\u00eam contribu\u00eddo para a recupera\u00e7\u00e3o mais acelerada do setor\u201d.<\/p>\n<p>Considerando somente o m\u00eas de mar\u00e7o, a produ\u00e7\u00e3o do setor foi de 91.537 motocicletas, o que representa uma queda de 3,3% na compara\u00e7\u00e3o com o mesmo m\u00eas de 2018 (94.649 unidades) e queda de 9,6% ante fevereiro (101.292 unidades). \u201cTivemos 19 dias \u00fateis em mar\u00e7o, dois a menos que no mesmo m\u00eas do ano passado e um a menos que fevereiro\u201d, explicou Marcos Fermanian.<\/p>\n<p>&nbsp;<\/p>\n<p><strong>Venda ao consumidor<\/strong><\/p>\n<p>Os emplacamentos de motocicletas tiveram alta de 17,9% neste primeiro trimestre, de acordo com levantamento do Registro Nacional de Ve\u00edculos Automotores (Renavam). Foram emplacadas 258.652 motocicletas no per\u00edodo, em 2019, e 219.304 no mesmo per\u00edodo, em 2018.<\/p>\n<p>Somente em mar\u00e7o, foram licenciadas 83.798 motocicletas, aumento de 5,6% ante mar\u00e7o de 2018 (79.320 unidades). Na compara\u00e7\u00e3o com fevereiro foi registrada queda de 0,4% (84.150 motocicletas).<\/p>\n<p>Em mar\u00e7o deste ano, a m\u00e9dia di\u00e1ria de vendas foi de 4.410 unidades, crescimento de 16,8% ante mar\u00e7o do ano passado (3.777 unidades) e de 4,8% ante fevereiro (4.208 motocicletas). \u201c\u00c9 o melhor resultado alcan\u00e7ado pelo setor para o m\u00eas de mar\u00e7o desde 2015. O aumento na m\u00e9dia di\u00e1ria comprova a retomada do setor\u201d, avaliou Fermanian.<\/p>\n<p>&nbsp;<\/p>\n<p><strong>Exporta\u00e7\u00f5es<\/strong><\/p>\n<p>No primeiro trimestre, houve queda de 51,2% na exporta\u00e7\u00e3o de motocicletas em rela\u00e7\u00e3o ao ano anterior. Foram exportadas 11.382 motocicletas neste ano e 23.320 unidades no mesmo per\u00edodo do ano passado.<\/p>\n<p>Em mar\u00e7o, o volume embarcado foi de 3.525 unidades, redu\u00e7\u00e3o de 54,5% na compara\u00e7\u00e3o com o mesmo m\u00eas de 2018 (7.747 motocicletas). Em rela\u00e7\u00e3o a fevereiro, houve aumento de 7,2% (3.287 unidades).<\/p>\n<p>\u201cJ\u00e1 em rela\u00e7\u00e3o \u00e0s exporta\u00e7\u00f5es, o recuo est\u00e1 diretamente relacionado \u00e0 redu\u00e7\u00e3o dos embarques para a Argentina, principal destino das motocicletas fabricadas no Polo industrial de Manaus\u201d, disse Fermanian.<\/p>\n<p>Segundo divulgou a Abraciclo, dados do portal de estat\u00edsticas de com\u00e9rcio exterior ComexStat, a Argentina foi o principal comprador de motocicletas brasileiras no primeiro trimestre, com 3.832 unidades, 37,7% do total. Em segundo lugar ficaram os Estados Unidos, com 2.224 unidades e 21,9% de participa\u00e7\u00e3o, e em terceiro o Canad\u00e1, 1.488 unidades e 14,7% de participa\u00e7\u00e3o.<\/p>\n<p>Em mar\u00e7o, a Argentina se manteve como principal comprador com 2.660 motocicletas, com 53,2% do total, seguida pelo Canad\u00e1, com 988 unidades e 19,7% de participa\u00e7\u00e3o, e pelos Estados Unidos, com 608 unidades e 12,2% de participa\u00e7\u00e3o.<\/p>\n<p>&nbsp;<\/p>\n<p>Fonte: Ag\u00eancia Brasil<\/p>\n","protected":false},"excerpt":{"rendered":"<p>Nos tr\u00eas primeiros meses do ano foram produzidas 276.835 motocicletas no pa\u00eds, um aumento de 6,6% ante igual per\u00edodo do ano passado, quando foram produzidas 259.587 unidades, segundo dados da Associa\u00e7\u00e3o Brasileira dos Fabricantes de Motocicletas, Ciclomotores, Motonetas, Bicicletas e Similares (Abraciclo). As vendas no atacado tamb\u00e9m acompanharam o movimento de alta no primeiro trimestre, [&hellip;]<\/p>\n","protected":false},"author":96,"featured_media":105072,"comment_status":"closed","ping_status":"closed","sticky":false,"template":"","format":"standard","meta":{"footnotes":""},"categories":[436,261,439],"tags":[],"class_list":["post-138072","post","type-post","status-publish","format-standard","has-post-thumbnail","hentry","category-destaque-da-semana","category-economia","category-ultima-hora"],"_links":{"self":[{"href":"https:\/\/diarioregionaldigital.com.br\/index.php?rest_route=\/wp\/v2\/posts\/138072","targetHints":{"allow":["GET"]}}],"collection":[{"href":"https:\/\/diarioregionaldigital.com.br\/index.php?rest_route=\/wp\/v2\/posts"}],"about":[{"href":"https:\/\/diarioregionaldigital.com.br\/index.php?rest_route=\/wp\/v2\/types\/post"}],"author":[{"embeddable":true,"href":"https:\/\/diarioregionaldigital.com.br\/index.php?rest_route=\/wp\/v2\/users\/96"}],"replies":[{"embeddable":true,"href":"https:\/\/diarioregionaldigital.com.br\/index.php?rest_route=%2Fwp%2Fv2%2Fcomments&post=138072"}],"version-history":[{"count":0,"href":"https:\/\/diarioregionaldigital.com.br\/index.php?rest_route=\/wp\/v2\/posts\/138072\/revisions"}],"wp:featuredmedia":[{"embeddable":true,"href":"https:\/\/diarioregionaldigital.com.br\/index.php?rest_route=\/wp\/v2\/media\/105072"}],"wp:attachment":[{"href":"https:\/\/diarioregionaldigital.com.br\/index.php?rest_route=%2Fwp%2Fv2%2Fmedia&parent=138072"}],"wp:term":[{"taxonomy":"category","embeddable":true,"href":"https:\/\/diarioregionaldigital.com.br\/index.php?rest_route=%2Fwp%2Fv2%2Fcategories&post=138072"},{"taxonomy":"post_tag","embeddable":true,"href":"https:\/\/diarioregionaldigital.com.br\/index.php?rest_route=%2Fwp%2Fv2%2Ftags&post=138072"}],"curies":[{"name":"wp","href":"https:\/\/api.w.org\/{rel}","templated":true}]}}