{"id":138068,"date":"2019-04-12T10:00:51","date_gmt":"2019-04-12T13:00:51","guid":{"rendered":"https:\/\/diarioregionaldigital.com.br\/?p=138068"},"modified":"2019-04-13T07:59:13","modified_gmt":"2019-04-13T10:59:13","slug":"professores-estimam-impacto-turistico-e-economico-do-jardim-botanico","status":"publish","type":"post","link":"https:\/\/diarioregionaldigital.com.br\/?p=138068","title":{"rendered":"Professores estimam impacto tur\u00edstico e econ\u00f4mico do Jardim Bot\u00e2nico"},"content":{"rendered":"<p>Com a abertura do Jardim Bot\u00e2nico, marcada para estasexta-feira,12, a Universidade Federal de Juiz de Fora (UFJF) inaugura mais um espa\u00e7o de lazer para a cidade. Integrado aos outros equipamentos de cultura da Universidade, o Jardim gera expectativa de aumento na capta\u00e7\u00e3o de visitantes para o munic\u00edpio, apresentando impactos no turismo e na economia locais.<\/p>\n<p>Para o professor do Faculdade de Economia da UFJF, Fernando Perobelli, h\u00e1 a expectativa de cria\u00e7\u00e3o de oportunidades de servi\u00e7os e com\u00e9rcio. \u201cEquipamentos urbanos s\u00e3o sempre positivos tanto no que se refere aos impactos econ\u00f4micos, como de aumento de bem-estar. A relev\u00e2ncia pode ser mensurada por meio da cria\u00e7\u00e3o de oportunidades, n\u00e3o somente de forma direta, ou seja, dentro do equipamento, como das atividades derivadas, como servi\u00e7os de transporte e financeiros, com\u00e9rcio e seguros. Isso cria um c\u00edrculo virtuoso na economia.\u201d<\/p>\n<p>A pr\u00f3pria manuten\u00e7\u00e3o do espa\u00e7o j\u00e1 \u00e9 um fator de impacto econ\u00f4mico localmente, conforme Perobelli. \u201cUma vez que \u00e9 uma atividade que vai, por exemplo, adquirir insumos para seu funcionamento, criar\u00e1 empregos. Podemos dizer que haver\u00e1 impacto positivo sobre a economia, principalmente no que se refere \u00e0 circula\u00e7\u00e3o de renda, acarretando em uma maior arrecada\u00e7\u00e3o de impostos derivados das atividades ali desenvolvidas.\u201d<\/p>\n<p>Em percep\u00e7\u00e3o otimista semelhante, o coordenador e professor do curso de Turismo da UFJF, Altair Sancho, aponta que o Jardim tem um grande potencial de atra\u00e7\u00e3o para quem procura contato mais pr\u00f3ximo da natureza. \u201cA exist\u00eancia de \u00e1reas verdes em contextos urbanos vem sendo apontada por in\u00fameros estudos como verdadeiros \u2018redutos\u2019 em meio ao caos das cidades. A presen\u00e7a de um jardim bot\u00e2nico impacta positivamente os contextos local e regional, promovendo servi\u00e7os ecossist\u00eamicos e socioculturais para a popula\u00e7\u00e3o de Juiz de Fora, como ar puro, ambientes mais equilibrados, garantia de preserva\u00e7\u00e3o de esp\u00e9cies e benef\u00edcios \u00e0 sa\u00fade.\u201d<\/p>\n<p>Para propiciar esse bem-estar, o espa\u00e7o oferece uma s\u00e9rie de possibilidades de lazer e contempla\u00e7\u00e3o, entre roteiros, trilhas, lagos e galerias de arte. Segundo o professor, essa \u00e9 uma das grandes virtudes de \u00e1reas como a do Jardim Bot\u00e2nico. \u201cEspa\u00e7os como este oportunizam \u00e0 sociedade um conjunto de atividades relacionadas a experi\u00eancias de cunho educativo, associadas \u00e0s visitas guiadas por monitores ambientais. Tem ainda o potencial de ofertar palestras e cursos.\u201d<\/p>\n<p><strong>Equipamentos integrados<\/strong><\/p>\n<p>Al\u00e9m do Jardim Bot\u00e2nico, a UFJF tamb\u00e9m possui outros equipamentos tur\u00edsticos de relev\u00e2ncia para a cidade, como o Centro de Ci\u00eancias, o Museu de Arte Murilo Mendes, o Memorial Itamar Franco, o Forum da Cultura, o Cine-Theatro Central e o Museu Din\u00e2mico de Ci\u00eancia e Tecnologia. O acr\u00e9scimo no n\u00famero de atrativos possibilita \u00e0 cidade a elabora\u00e7\u00e3o de roteiros tur\u00edsticos que os incorporem e atendam p\u00fablicos de interesses diversos.<\/p>\n<p>Para a turism\u00f3loga Tatyana Hauck Hill, gerente do Departamento de Incentivo ao Turismo da Secretaria de Desenvolvimento Econ\u00f4mico, Turismo e Agropecu\u00e1ria da Prefeitura de Juiz de Fora, o Jardim Bot\u00e2nico contribui para a lista de atrativos locais, no intuito de fortalecer o turismo e incentivar a perman\u00eancia de visitantes na cidade.<\/p>\n<p>\u201cPrecisamos ser uma cidade tur\u00edstica, uma vez que o turismo ainda n\u00e3o \u00e9 percebido como um atrativo forte. As pessoas v\u00eam para c\u00e1 para tratar de outras quest\u00f5es, como sa\u00fade e com\u00e9rcio, por ser uma cidade polo. O ideal \u00e9 atrair quem vem para uma consulta, por exemplo, mas que fique mais tempo para conhecer nossos espa\u00e7os. O Jardim Bot\u00e2nico, nesse sentido, soma-se como uma op\u00e7\u00e3o de atrativos\u201d, completa a profissional, que \u00e9 tamb\u00e9m presidente do Conselho Municipal de Turismo.<\/p>\n<p><strong>Sobre o Jardim Bot\u00e2nico<\/strong><\/p>\n<p>Com cerca de 82 hectares de extens\u00e3o, o Jardim Bot\u00e2nico da UFJF est\u00e1 localizado na \u00e1rea da Mata do Krambeck, importante fragmento florestal de Juiz de Fora. No jardim, j\u00e1 foram identificadas mais de 500 esp\u00e9cies vegetais, incluindo popula\u00e7\u00f5es raras ou em extin\u00e7\u00e3o. Os visitantes ter\u00e3o acesso a cerca de 10 hectares da \u00e1rea, que incluem lagos, trilhas, bromeli\u00e1rio,orquid\u00e1rio, galerias de arte e uma casa sustent\u00e1vel, que permite a experi\u00eancia de uma moradia ecol\u00f3gica.<\/p>\n<p>A abertura ao p\u00fablico ser\u00e1 nesta sexta-feira, 12, \u00e0s 13h. A entrada \u00e9 gratuita. O funcionamento ser\u00e1 de ter\u00e7a a sexta e aos domingos, das 8h \u00e0s 17h, com \u00faltima entrada \u00e0s 16h30. S\u00e3o permitidas cem visitantes por vez. N\u00e3o h\u00e1, no entanto, limite di\u00e1rio. O Jardim est\u00e1 localizado em meio \u00e0 Mata do Krambeck, na Rua Coronel Almeida Novais, s\/n, no Bairro Santa Terezinha. N\u00e3o h\u00e1 estacionamento.<\/p>\n<p>Fonte: UFJF<\/p>\n","protected":false},"excerpt":{"rendered":"<p>Com a abertura do Jardim Bot\u00e2nico, marcada para estasexta-feira,12, a Universidade Federal de Juiz de Fora (UFJF) inaugura mais um espa\u00e7o de lazer para a cidade. Integrado aos outros equipamentos de cultura da Universidade, o Jardim gera expectativa de aumento na capta\u00e7\u00e3o de visitantes para o munic\u00edpio, apresentando impactos no turismo e na economia locais. [&hellip;]<\/p>\n","protected":false},"author":96,"featured_media":138069,"comment_status":"closed","ping_status":"closed","sticky":false,"template":"","format":"standard","meta":{"footnotes":""},"categories":[253,436,439],"tags":[],"class_list":["post-138068","post","type-post","status-publish","format-standard","has-post-thumbnail","hentry","category-cidade","category-destaque-da-semana","category-ultima-hora"],"_links":{"self":[{"href":"https:\/\/diarioregionaldigital.com.br\/index.php?rest_route=\/wp\/v2\/posts\/138068","targetHints":{"allow":["GET"]}}],"collection":[{"href":"https:\/\/diarioregionaldigital.com.br\/index.php?rest_route=\/wp\/v2\/posts"}],"about":[{"href":"https:\/\/diarioregionaldigital.com.br\/index.php?rest_route=\/wp\/v2\/types\/post"}],"author":[{"embeddable":true,"href":"https:\/\/diarioregionaldigital.com.br\/index.php?rest_route=\/wp\/v2\/users\/96"}],"replies":[{"embeddable":true,"href":"https:\/\/diarioregionaldigital.com.br\/index.php?rest_route=%2Fwp%2Fv2%2Fcomments&post=138068"}],"version-history":[{"count":0,"href":"https:\/\/diarioregionaldigital.com.br\/index.php?rest_route=\/wp\/v2\/posts\/138068\/revisions"}],"wp:featuredmedia":[{"embeddable":true,"href":"https:\/\/diarioregionaldigital.com.br\/index.php?rest_route=\/wp\/v2\/media\/138069"}],"wp:attachment":[{"href":"https:\/\/diarioregionaldigital.com.br\/index.php?rest_route=%2Fwp%2Fv2%2Fmedia&parent=138068"}],"wp:term":[{"taxonomy":"category","embeddable":true,"href":"https:\/\/diarioregionaldigital.com.br\/index.php?rest_route=%2Fwp%2Fv2%2Fcategories&post=138068"},{"taxonomy":"post_tag","embeddable":true,"href":"https:\/\/diarioregionaldigital.com.br\/index.php?rest_route=%2Fwp%2Fv2%2Ftags&post=138068"}],"curies":[{"name":"wp","href":"https:\/\/api.w.org\/{rel}","templated":true}]}}