{"id":138062,"date":"2019-04-14T06:00:13","date_gmt":"2019-04-14T09:00:13","guid":{"rendered":"https:\/\/diarioregionaldigital.com.br\/?p=138062"},"modified":"2019-04-11T19:10:45","modified_gmt":"2019-04-11T22:10:45","slug":"preco-medio-do-leite-tipo-c-registra-queda-de-088","status":"publish","type":"post","link":"https:\/\/diarioregionaldigital.com.br\/?p=138062","title":{"rendered":"Pre\u00e7o m\u00e9dio do leite tipo C registra queda de 0,88%"},"content":{"rendered":"<p>A nova pesquisa realiza pela Secretaria de Desenvolvimento Econ\u00f4mico, Turismo e Agropecu\u00e1ria (Sedeta) da Prefeitura de Juiz de Fora (PJF) apontou queda de 0,88% no pre\u00e7o m\u00e9dio do leite pasteurizado integral, o leite tipo C.<\/p>\n<p>Com rela\u00e7\u00e3o a semana passada, o custo m\u00e9dio passou de R$3,37 para R$3,34. O valor m\u00e1ximo do produto tamb\u00e9m caiu, passando de R$4,25 para R$4,20. J\u00e1 o m\u00ednimo, permanece o mesmo, R$2,80.<\/p>\n<p>Conforme a Sedeta, o levantamento \u00e9 realizado pelo Departamento de Abastecimento (Daba) semanalmente, em 53 estabelecimentos, nas oito regi\u00f5es do munic\u00edpio. A pesquisa com o objetivo de informar a popula\u00e7\u00e3o sobre varia\u00e7\u00f5es de pre\u00e7o do produto.<\/p>\n","protected":false},"excerpt":{"rendered":"<p>A nova pesquisa realiza pela Secretaria de Desenvolvimento Econ\u00f4mico, Turismo e Agropecu\u00e1ria (Sedeta) da Prefeitura de Juiz de Fora (PJF) apontou queda de 0,88% no pre\u00e7o m\u00e9dio do leite pasteurizado integral, o leite tipo C. Com rela\u00e7\u00e3o a semana passada, o custo m\u00e9dio passou de R$3,37 para R$3,34. O valor m\u00e1ximo do produto tamb\u00e9m caiu, [&hellip;]<\/p>\n","protected":false},"author":96,"featured_media":136922,"comment_status":"closed","ping_status":"closed","sticky":false,"template":"","format":"standard","meta":{"footnotes":""},"categories":[253,436,440,439],"tags":[],"class_list":["post-138062","post","type-post","status-publish","format-standard","has-post-thumbnail","hentry","category-cidade","category-destaque-da-semana","category-destaques-do-dia","category-ultima-hora"],"_links":{"self":[{"href":"https:\/\/diarioregionaldigital.com.br\/index.php?rest_route=\/wp\/v2\/posts\/138062","targetHints":{"allow":["GET"]}}],"collection":[{"href":"https:\/\/diarioregionaldigital.com.br\/index.php?rest_route=\/wp\/v2\/posts"}],"about":[{"href":"https:\/\/diarioregionaldigital.com.br\/index.php?rest_route=\/wp\/v2\/types\/post"}],"author":[{"embeddable":true,"href":"https:\/\/diarioregionaldigital.com.br\/index.php?rest_route=\/wp\/v2\/users\/96"}],"replies":[{"embeddable":true,"href":"https:\/\/diarioregionaldigital.com.br\/index.php?rest_route=%2Fwp%2Fv2%2Fcomments&post=138062"}],"version-history":[{"count":0,"href":"https:\/\/diarioregionaldigital.com.br\/index.php?rest_route=\/wp\/v2\/posts\/138062\/revisions"}],"wp:featuredmedia":[{"embeddable":true,"href":"https:\/\/diarioregionaldigital.com.br\/index.php?rest_route=\/wp\/v2\/media\/136922"}],"wp:attachment":[{"href":"https:\/\/diarioregionaldigital.com.br\/index.php?rest_route=%2Fwp%2Fv2%2Fmedia&parent=138062"}],"wp:term":[{"taxonomy":"category","embeddable":true,"href":"https:\/\/diarioregionaldigital.com.br\/index.php?rest_route=%2Fwp%2Fv2%2Fcategories&post=138062"},{"taxonomy":"post_tag","embeddable":true,"href":"https:\/\/diarioregionaldigital.com.br\/index.php?rest_route=%2Fwp%2Fv2%2Ftags&post=138062"}],"curies":[{"name":"wp","href":"https:\/\/api.w.org\/{rel}","templated":true}]}}