{"id":138059,"date":"2019-04-14T06:00:28","date_gmt":"2019-04-14T09:00:28","guid":{"rendered":"https:\/\/diarioregionaldigital.com.br\/?p=138059"},"modified":"2019-04-11T19:08:07","modified_gmt":"2019-04-11T22:08:07","slug":"semana-santa-e-pascoa-procon-orienta-consumidores","status":"publish","type":"post","link":"https:\/\/diarioregionaldigital.com.br\/?p=138059","title":{"rendered":"Semana Santa e P\u00e1scoa \u2013 Procon orienta consumidores"},"content":{"rendered":"<p>Neste tempo de compras espec\u00edficas, relacionadas \u00e0s comemora\u00e7\u00f5es da Semana Santa e P\u00e1scoa, a Ag\u00eancia de Prote\u00e7\u00e3o e Defesa do Consumidor (Procon\/JF) da Prefeitura de Juiz de Fora (PJF) est\u00e1 divulgando orienta\u00e7\u00f5es e dicas para que os consumidores evitem problemas comuns ao adquirir os produtos caracter\u00edsticos da \u00e9poca, principalmente chocolates e peixes. Antes de sair \u00e0s compras, \u00e9 fundamental que o consumidor fa\u00e7a pesquisa de pre\u00e7o, tra\u00e7ando comparativo e priorizando a economia de gastos. H\u00e1 produtos que possuem suas particularidades, como \u00e9 o caso dos ovos de P\u00e1scoa com brindes ou brinquedos. Esses t\u00eam pre\u00e7o mais elevado e s\u00e3o grande atrativo. Aqui, uma dica simples \u00e9 n\u00e3o levar as crian\u00e7as aos supermercados ou lojas especializadas no dia das compras.<\/p>\n<p>Ainda sobre os ovos de P\u00e1scoa, o consumidor deve ficar atento quanto ao prazo de validade e se constam as informa\u00e7\u00f5es do fabricante, como o Cadastro Nacional de Pessoa Jur\u00eddica (CNPJ), endere\u00e7o f\u00edsico e servi\u00e7o de atendimento ao consumidor (SAC); verificar tamb\u00e9m se o produto sofreu algum tipo de dano, j\u00e1 que, geralmente, as lojas deixam nas prateleiras ovos amassados ou quebrados; e atentar para o local onde est\u00e3o os chocolates, arejado e longe de produtos de limpeza ou de forte odor. As embalagens devem estar \u00edntegras, pois se estiverem violadas h\u00e1 a facilidade de contamina\u00e7\u00e3o por microrganismos ou insetos. Caso os ovos ou bombons sejam de fabrica\u00e7\u00e3o caseira, o fornecedor \u00e9 obrigado a seguir as mesmas regras de comercializa\u00e7\u00e3o dos industrializados.<\/p>\n<p>Para a compra de peixes ou pescados, a orienta\u00e7\u00e3o \u00e9 adquirir sempre os mais frescos. \u00c9 preciso ficar atento \u00e0 conserva\u00e7\u00e3o e apar\u00eancia dos produtos. O armazenamento do peixe, junto com a refrigera\u00e7\u00e3o e higiene, \u00e9 fundamental para manter a qualidade, e por isso devem ser verificados pelo consumidor. N\u00e3o adquirir o peixe que estiver com manchas avermelhadas ou pintas pretas no dorso, sinais que indicam a presen\u00e7a de bolor ou deteriora\u00e7\u00e3o. Al\u00e9m disso, verificar se olhos do peixe est\u00e3o brilhantes, as guelras vermelhas e se as escamas n\u00e3o se soltam facilmente. Quanto ao bacalhau, saber sobre a proced\u00eancia do produto.<\/p>\n<p>Na embalagem devem constar informa\u00e7\u00f5es quanto ao peso l\u00edquido, identifica\u00e7\u00e3o do pa\u00eds de origem e do produtor, lote, registro no \u00f3rg\u00e3o de fiscaliza\u00e7\u00e3o competente, indica\u00e7\u00e3o de temperatura para conserva\u00e7\u00e3o, data de acondicionamento e prazo de validade, al\u00e9m do carimbo do servi\u00e7o de inspe\u00e7\u00e3o.<\/p>\n<p>Para o consumidor que optar por comemorar fora de casa, em bares ou restaurantes, a dica \u00e9 verificar se os estabelecimentos informam de forma clara e ostensiva os pre\u00e7os em seu card\u00e1pio. Caso seja cobrado couvert art\u00edstico, o cliente tamb\u00e9m deve exigir as informa\u00e7\u00f5es pr\u00e9vias de valor, seja no card\u00e1pio ou em cartazes. As informa\u00e7\u00f5es devem ser afixadas em local vis\u00edvel na entrada do estabelecimento. O Procon alerta, tamb\u00e9m, que os fornecedores s\u00e3o proibidos de aplicar multa por perda de comanda de consumo e de exigir que o consumidor pague gorjeta para o gar\u00e7om ou os 10%.<\/p>\n<p>Informa\u00e7\u00f5es e orienta\u00e7\u00f5es sobre os direitos do consumidor podem ser solicitadas pelos telefones 3690-7610 e 3690-7611, ou na sede da ag\u00eancia, na Avenida Presidente Itamar Franco, 992, Centro, de segunda a sexta-feira, das 8h30 \u00e0s 17h30.<\/p>\n<p>Fonte: PJF<\/p>\n","protected":false},"excerpt":{"rendered":"<p>Neste tempo de compras espec\u00edficas, relacionadas \u00e0s comemora\u00e7\u00f5es da Semana Santa e P\u00e1scoa, a Ag\u00eancia de Prote\u00e7\u00e3o e Defesa do Consumidor (Procon\/JF) da Prefeitura de Juiz de Fora (PJF) est\u00e1 divulgando orienta\u00e7\u00f5es e dicas para que os consumidores evitem problemas comuns ao adquirir os produtos caracter\u00edsticos da \u00e9poca, principalmente chocolates e peixes. Antes de sair [&hellip;]<\/p>\n","protected":false},"author":96,"featured_media":138053,"comment_status":"closed","ping_status":"closed","sticky":false,"template":"","format":"standard","meta":{"footnotes":""},"categories":[253,436,440,439],"tags":[],"class_list":["post-138059","post","type-post","status-publish","format-standard","has-post-thumbnail","hentry","category-cidade","category-destaque-da-semana","category-destaques-do-dia","category-ultima-hora"],"_links":{"self":[{"href":"https:\/\/diarioregionaldigital.com.br\/index.php?rest_route=\/wp\/v2\/posts\/138059","targetHints":{"allow":["GET"]}}],"collection":[{"href":"https:\/\/diarioregionaldigital.com.br\/index.php?rest_route=\/wp\/v2\/posts"}],"about":[{"href":"https:\/\/diarioregionaldigital.com.br\/index.php?rest_route=\/wp\/v2\/types\/post"}],"author":[{"embeddable":true,"href":"https:\/\/diarioregionaldigital.com.br\/index.php?rest_route=\/wp\/v2\/users\/96"}],"replies":[{"embeddable":true,"href":"https:\/\/diarioregionaldigital.com.br\/index.php?rest_route=%2Fwp%2Fv2%2Fcomments&post=138059"}],"version-history":[{"count":0,"href":"https:\/\/diarioregionaldigital.com.br\/index.php?rest_route=\/wp\/v2\/posts\/138059\/revisions"}],"wp:featuredmedia":[{"embeddable":true,"href":"https:\/\/diarioregionaldigital.com.br\/index.php?rest_route=\/wp\/v2\/media\/138053"}],"wp:attachment":[{"href":"https:\/\/diarioregionaldigital.com.br\/index.php?rest_route=%2Fwp%2Fv2%2Fmedia&parent=138059"}],"wp:term":[{"taxonomy":"category","embeddable":true,"href":"https:\/\/diarioregionaldigital.com.br\/index.php?rest_route=%2Fwp%2Fv2%2Fcategories&post=138059"},{"taxonomy":"post_tag","embeddable":true,"href":"https:\/\/diarioregionaldigital.com.br\/index.php?rest_route=%2Fwp%2Fv2%2Ftags&post=138059"}],"curies":[{"name":"wp","href":"https:\/\/api.w.org\/{rel}","templated":true}]}}