{"id":137865,"date":"2019-04-10T12:14:20","date_gmt":"2019-04-10T15:14:20","guid":{"rendered":"https:\/\/diarioregionaldigital.com.br\/?p=137865"},"modified":"2019-04-10T12:14:20","modified_gmt":"2019-04-10T15:14:20","slug":"rio-esta-em-situacao-de-crise-ha-mais-de-30-horas-por-causa-de-chuva","status":"publish","type":"post","link":"https:\/\/diarioregionaldigital.com.br\/?p=137865","title":{"rendered":"Rio est\u00e1 em situa\u00e7\u00e3o de crise h\u00e1 mais de 30 horas por causa de chuva"},"content":{"rendered":"<p>O Rio de Janeiro permanece em est\u00e1gio de crise desde a noite de segunda-feira, 8, portanto, h\u00e1 mais de 30 horas, por causa de chuva. A previs\u00e3o para hoje \u00e9 de chuva fraca a moderada, com possibilidade de pancadas fortes em alguns momentos.<\/p>\n<p>A chuva, a mais forte dos \u00faltimos 22 anos, segundo o site Climatempo, j\u00e1 matou dez pessoas.<\/p>\n<p>Na madrugada de hoje, os bairros mais atingidos foram Ilha do Governador, com 69,2 mil\u00edmetros de chuvas, e Tijuca, com 44,8 mm.<\/p>\n<p>Choveu forte na Tijuca e no Jardim Bot\u00e2nico. Ainda h\u00e1 v\u00e1rias ruas alagadas e bols\u00f5es d\u2019\u00e1gua. Quedas de \u00e1rvores tamb\u00e9m foram registradas, o que dificulta o tr\u00e2nsito em v\u00e1rios pontos.<\/p>\n<p>&nbsp;<\/p>\n<p>Fonte: Ag\u00eancia Brasil<\/p>\n","protected":false},"excerpt":{"rendered":"<p>O Rio de Janeiro permanece em est\u00e1gio de crise desde a noite de segunda-feira, 8, portanto, h\u00e1 mais de 30 horas, por causa de chuva. A previs\u00e3o para hoje \u00e9 de chuva fraca a moderada, com possibilidade de pancadas fortes em alguns momentos. A chuva, a mais forte dos \u00faltimos 22 anos, segundo o site [&hellip;]<\/p>\n","protected":false},"author":96,"featured_media":137867,"comment_status":"closed","ping_status":"closed","sticky":false,"template":"","format":"standard","meta":{"footnotes":""},"categories":[302,436,262,439],"tags":[],"class_list":["post-137865","post","type-post","status-publish","format-standard","has-post-thumbnail","hentry","category-brasil-mundo","category-destaque-da-semana","category-noticias","category-ultima-hora"],"_links":{"self":[{"href":"https:\/\/diarioregionaldigital.com.br\/index.php?rest_route=\/wp\/v2\/posts\/137865","targetHints":{"allow":["GET"]}}],"collection":[{"href":"https:\/\/diarioregionaldigital.com.br\/index.php?rest_route=\/wp\/v2\/posts"}],"about":[{"href":"https:\/\/diarioregionaldigital.com.br\/index.php?rest_route=\/wp\/v2\/types\/post"}],"author":[{"embeddable":true,"href":"https:\/\/diarioregionaldigital.com.br\/index.php?rest_route=\/wp\/v2\/users\/96"}],"replies":[{"embeddable":true,"href":"https:\/\/diarioregionaldigital.com.br\/index.php?rest_route=%2Fwp%2Fv2%2Fcomments&post=137865"}],"version-history":[{"count":0,"href":"https:\/\/diarioregionaldigital.com.br\/index.php?rest_route=\/wp\/v2\/posts\/137865\/revisions"}],"wp:featuredmedia":[{"embeddable":true,"href":"https:\/\/diarioregionaldigital.com.br\/index.php?rest_route=\/wp\/v2\/media\/137867"}],"wp:attachment":[{"href":"https:\/\/diarioregionaldigital.com.br\/index.php?rest_route=%2Fwp%2Fv2%2Fmedia&parent=137865"}],"wp:term":[{"taxonomy":"category","embeddable":true,"href":"https:\/\/diarioregionaldigital.com.br\/index.php?rest_route=%2Fwp%2Fv2%2Fcategories&post=137865"},{"taxonomy":"post_tag","embeddable":true,"href":"https:\/\/diarioregionaldigital.com.br\/index.php?rest_route=%2Fwp%2Fv2%2Ftags&post=137865"}],"curies":[{"name":"wp","href":"https:\/\/api.w.org\/{rel}","templated":true}]}}