{"id":137857,"date":"2019-04-10T11:58:59","date_gmt":"2019-04-10T14:58:59","guid":{"rendered":"https:\/\/diarioregionaldigital.com.br\/?p=137857"},"modified":"2019-04-10T11:58:59","modified_gmt":"2019-04-10T14:58:59","slug":"crivella-diz-que-chuva-forte-no-rio-e-resultado-do-aquecimento-global","status":"publish","type":"post","link":"https:\/\/diarioregionaldigital.com.br\/?p=137857","title":{"rendered":"Crivella diz que chuva forte no Rio \u00e9 resultado do aquecimento global"},"content":{"rendered":"<p>O prefeito do Rio de Janeiro, Marcelo Crivella, disse nesta quarta-feira, 10, que as chuvas fortes que est\u00e3o atingindo a cidade s\u00e3o resultado do aquecimento global. \u201cEstamos enfrentando problemas ser\u00edssimos de aquecimento global. Nunca se choveu tanto em t\u00e3o pouco tempo\u201d.<\/p>\n<p>Crivella visitou hoje a comunidade de Jardim Maravilha, em Guaratiba, na zona oeste da cidade, que sofreu com um grande alagamento. Ele tamb\u00e9m voltou a alegar que falta dinheiro para fazer obras de preven\u00e7\u00e3o aos efeitos de temporais.<\/p>\n<p>\u201c\u00c9 important\u00edssimo que a gente tenha parceria com o governo federal. Herdamos uma d\u00edvida bilion\u00e1ria. Nesses quatro anos de governo, tenho que pagar R$ 6 bilh\u00f5es [ao governo federal]\u201d.<\/p>\n<p>Crivella disse que apesar do munic\u00edpio ainda estar no est\u00e1gio de crise (o mais grave de uma escala de tr\u00eas), a situa\u00e7\u00e3o da emerg\u00eancia est\u00e1 passando. \u201cAgora o sol est\u00e1 brilhando. Enfrentamos todas as dificuldades. Entramos num est\u00e1gio de crise e vamos sair da crise\u201d.<\/p>\n<p>No Jardim Maravilha, Crivella prometeu iniciar obras de dragagem no Rio Cabu\u00e7u-Piraqu\u00ea, que corta a regi\u00e3o. A prefeitura informou que 100 fam\u00edlias da comunidade foram atingidas pela chuva. Duzentas e quarenta cestas b\u00e1sicas ser\u00e3o distribu\u00eddas.<\/p>\n<p>&nbsp;<\/p>\n<p>&nbsp;<\/p>\n<p>Fonte: Ag\u00eancia Brasil<\/p>\n","protected":false},"excerpt":{"rendered":"<p>O prefeito do Rio de Janeiro, Marcelo Crivella, disse nesta quarta-feira, 10, que as chuvas fortes que est\u00e3o atingindo a cidade s\u00e3o resultado do aquecimento global. \u201cEstamos enfrentando problemas ser\u00edssimos de aquecimento global. Nunca se choveu tanto em t\u00e3o pouco tempo\u201d. Crivella visitou hoje a comunidade de Jardim Maravilha, em Guaratiba, na zona oeste da [&hellip;]<\/p>\n","protected":false},"author":96,"featured_media":137859,"comment_status":"closed","ping_status":"closed","sticky":false,"template":"","format":"standard","meta":{"footnotes":""},"categories":[302,436,439],"tags":[],"class_list":["post-137857","post","type-post","status-publish","format-standard","has-post-thumbnail","hentry","category-brasil-mundo","category-destaque-da-semana","category-ultima-hora"],"_links":{"self":[{"href":"https:\/\/diarioregionaldigital.com.br\/index.php?rest_route=\/wp\/v2\/posts\/137857","targetHints":{"allow":["GET"]}}],"collection":[{"href":"https:\/\/diarioregionaldigital.com.br\/index.php?rest_route=\/wp\/v2\/posts"}],"about":[{"href":"https:\/\/diarioregionaldigital.com.br\/index.php?rest_route=\/wp\/v2\/types\/post"}],"author":[{"embeddable":true,"href":"https:\/\/diarioregionaldigital.com.br\/index.php?rest_route=\/wp\/v2\/users\/96"}],"replies":[{"embeddable":true,"href":"https:\/\/diarioregionaldigital.com.br\/index.php?rest_route=%2Fwp%2Fv2%2Fcomments&post=137857"}],"version-history":[{"count":0,"href":"https:\/\/diarioregionaldigital.com.br\/index.php?rest_route=\/wp\/v2\/posts\/137857\/revisions"}],"wp:featuredmedia":[{"embeddable":true,"href":"https:\/\/diarioregionaldigital.com.br\/index.php?rest_route=\/wp\/v2\/media\/137859"}],"wp:attachment":[{"href":"https:\/\/diarioregionaldigital.com.br\/index.php?rest_route=%2Fwp%2Fv2%2Fmedia&parent=137857"}],"wp:term":[{"taxonomy":"category","embeddable":true,"href":"https:\/\/diarioregionaldigital.com.br\/index.php?rest_route=%2Fwp%2Fv2%2Fcategories&post=137857"},{"taxonomy":"post_tag","embeddable":true,"href":"https:\/\/diarioregionaldigital.com.br\/index.php?rest_route=%2Fwp%2Fv2%2Ftags&post=137857"}],"curies":[{"name":"wp","href":"https:\/\/api.w.org\/{rel}","templated":true}]}}