{"id":137809,"date":"2019-04-09T18:41:39","date_gmt":"2019-04-09T21:41:39","guid":{"rendered":"https:\/\/diarioregionaldigital.com.br\/?p=137809"},"modified":"2019-04-09T18:41:39","modified_gmt":"2019-04-09T21:41:39","slug":"comercio-mantem-volume-de-vendas-de-janeiro-para-fevereiro","status":"publish","type":"post","link":"https:\/\/diarioregionaldigital.com.br\/?p=137809","title":{"rendered":"Com\u00e9rcio mant\u00e9m volume de vendas de janeiro para fevereiro"},"content":{"rendered":"<p>O volume de vendas do com\u00e9rcio varejista manteve-se est\u00e1vel de janeiro para fevereiro deste ano, depois de crescer 0,4% de dezembro do ano passado para janeiro. o dado \u00e9 da Pesquisa Mensal de Com\u00e9rcio (PMC), divulgada hoje, 9 pelo Instituto Brasileiro de Geografia e Estat\u00edstica (IBGE).<\/p>\n<p>As vendas ca\u00edram 0,6% na m\u00e9dia m\u00f3vel trimestral. Nos outros tipos de compara\u00e7\u00e3o, no entanto, o volume apresentou crescimento: 3,9% na compara\u00e7\u00e3o com fevereiro do ano passado, 2,8% no acumulado do ano e 2,3% no acumulado de 12 meses.<\/p>\n<p>Na passagem de janeiro para fevereiro, metade dos setores teve alta e a outra metade, queda. Os segmentos com crescimento foram tecidos, vestu\u00e1rio e cal\u00e7ados (4,4%), outros artigos de uso pessoal e dom\u00e9stico (1%), livros, jornais, revistas e papelaria (0,2%) e artigos farmac\u00eauticos, m\u00e9dicos, ortop\u00e9dicos, de perfumaria e cosm\u00e9ticos (0,1%).<\/p>\n<p>As quedas vieram de hipermercados, supermercados, produtos aliment\u00edcios, bebidas e fumo (-0,7%), combust\u00edveis e lubrificantes (-0,9%), m\u00f3veis e eletrodom\u00e9sticos (-0,3%) e equipamentos e material para escrit\u00f3rio, inform\u00e1tica e comunica\u00e7\u00e3o (-3%).<\/p>\n<p>No com\u00e9rcio varejista ampliado, que inclui as atividades de ve\u00edculos e de material de constru\u00e7\u00e3o, o volume de vendas recuou 0,8% ante janeiro. Os ve\u00edculos e motos, partes e pe\u00e7as tiveram queda de 0,9%, enquanto o material de constru\u00e7\u00e3o caiu 0,3%.<\/p>\n<p>A receita nominal do varejo cresceu 0,3% na compara\u00e7\u00e3o com janeiro, 7,5% na compara\u00e7\u00e3o com fevereiro do ano passado, 6% no acumulado do ano e 5,4% no acumulado de 12 meses.<\/p>\n<p>A receita nominal do varejo ampliado caiu 0,5% na compara\u00e7\u00e3o com janeiro, mas cresceu 10,4% na compara\u00e7\u00e3o com fevereiro de 2018, 8% no acumulado do ano e 7,3% no acumulado de 12 meses.<\/p>\n<p>&nbsp;<\/p>\n<p>Fonte: Ag\u00eancia Brasil<\/p>\n","protected":false},"excerpt":{"rendered":"<p>O volume de vendas do com\u00e9rcio varejista manteve-se est\u00e1vel de janeiro para fevereiro deste ano, depois de crescer 0,4% de dezembro do ano passado para janeiro. o dado \u00e9 da Pesquisa Mensal de Com\u00e9rcio (PMC), divulgada hoje, 9 pelo Instituto Brasileiro de Geografia e Estat\u00edstica (IBGE). As vendas ca\u00edram 0,6% na m\u00e9dia m\u00f3vel trimestral. Nos [&hellip;]<\/p>\n","protected":false},"author":96,"featured_media":105072,"comment_status":"closed","ping_status":"closed","sticky":false,"template":"","format":"standard","meta":{"footnotes":""},"categories":[436,261,439],"tags":[],"class_list":["post-137809","post","type-post","status-publish","format-standard","has-post-thumbnail","hentry","category-destaque-da-semana","category-economia","category-ultima-hora"],"_links":{"self":[{"href":"https:\/\/diarioregionaldigital.com.br\/index.php?rest_route=\/wp\/v2\/posts\/137809","targetHints":{"allow":["GET"]}}],"collection":[{"href":"https:\/\/diarioregionaldigital.com.br\/index.php?rest_route=\/wp\/v2\/posts"}],"about":[{"href":"https:\/\/diarioregionaldigital.com.br\/index.php?rest_route=\/wp\/v2\/types\/post"}],"author":[{"embeddable":true,"href":"https:\/\/diarioregionaldigital.com.br\/index.php?rest_route=\/wp\/v2\/users\/96"}],"replies":[{"embeddable":true,"href":"https:\/\/diarioregionaldigital.com.br\/index.php?rest_route=%2Fwp%2Fv2%2Fcomments&post=137809"}],"version-history":[{"count":0,"href":"https:\/\/diarioregionaldigital.com.br\/index.php?rest_route=\/wp\/v2\/posts\/137809\/revisions"}],"wp:featuredmedia":[{"embeddable":true,"href":"https:\/\/diarioregionaldigital.com.br\/index.php?rest_route=\/wp\/v2\/media\/105072"}],"wp:attachment":[{"href":"https:\/\/diarioregionaldigital.com.br\/index.php?rest_route=%2Fwp%2Fv2%2Fmedia&parent=137809"}],"wp:term":[{"taxonomy":"category","embeddable":true,"href":"https:\/\/diarioregionaldigital.com.br\/index.php?rest_route=%2Fwp%2Fv2%2Fcategories&post=137809"},{"taxonomy":"post_tag","embeddable":true,"href":"https:\/\/diarioregionaldigital.com.br\/index.php?rest_route=%2Fwp%2Fv2%2Ftags&post=137809"}],"curies":[{"name":"wp","href":"https:\/\/api.w.org\/{rel}","templated":true}]}}