{"id":137805,"date":"2019-04-09T18:40:48","date_gmt":"2019-04-09T21:40:48","guid":{"rendered":"https:\/\/diarioregionaldigital.com.br\/?p=137805"},"modified":"2019-04-09T18:40:48","modified_gmt":"2019-04-09T21:40:48","slug":"pr-e-solidariedade-defendem-reforma-da-previdencia-mas-pedem-mudancas","status":"publish","type":"post","link":"https:\/\/diarioregionaldigital.com.br\/?p=137805","title":{"rendered":"PR e Solidariedade defendem reforma da Previd\u00eancia, mas pedem mudan\u00e7as"},"content":{"rendered":"<p>O PR e o Solidariedade anunciaram nessa ter\u00e7a-feira, 9, ao presidente Jair Bolsonaro que apoiam a reforma da Previd\u00eancia, mas querem mudan\u00e7as na proposta enviada pelo governo ao Congresso Nacional. Representantes dos dois partidos estiveram com o presidente, que retomou o di\u00e1logo com dirigentes de partidos pol\u00edticos em busca de apoio para a aprova\u00e7\u00e3o de medidas do governo, especialmente a reforma da Previd\u00eancia.<\/p>\n<p>De acordo com o presidente do Solidariedade, deputado Paulinho da For\u00e7a (SP), mudan\u00e7as na aposentadoria rural e no Benef\u00edcio de Presta\u00e7\u00e3o Continuada (BPC) pago a idosos de baixa renda devem ser retiradas do texto. O partido tamb\u00e9m defende uma Previd\u00eancia melhor para os professores e \u00e9 contra a retirada do FGTS dos aposentados que continuam trabalhando e a redu\u00e7\u00e3o do abono salarial (Programa de Integra\u00e7\u00e3o Social) para aos trabalhadores que ganham menos.<\/p>\n<p>\u201cFGTS e PIS n\u00e3o t\u00eam nada a ver com a reforma da Previd\u00eancia. T\u00eam 22 milh\u00f5es de brasileiros que recebem PIS, n\u00e3o pode acabar com o PIS\u201d, defendeu o dirigente partid\u00e1rio.<\/p>\n<p>Paulinho da For\u00e7a disse que o Solidariedade continua independente, e que n\u00e3o vai fechar quest\u00e3o sobre a reforma da Previd\u00eancia. \u201cQueremos discutir as ideias, a reforma da Previd\u00eancia est\u00e1 ruim e precisa ser melhorada\u201d, disse.<\/p>\n<p>&nbsp;<\/p>\n<p><strong>Servidores estaduais<\/strong><\/p>\n<p>Para o Solidariedade, a reforma das aposentadorias de servidores estaduais e municipais tamb\u00e9m n\u00e3o deve estar atrelada \u00e0 reforma da Previd\u00eancia do governo federal. \u201cN\u00f3s achamos que a Previd\u00eancia dos estados tem que ser tratada em cada estado. N\u00e3o d\u00e1 para o governador ficar l\u00e1 [no estado] falando mal da reforma e os deputados aqui em Bras\u00edlia assumindo o \u00f4nus\u201d, ressaltou, acrescentando que o presidente Bolsonaro n\u00e3o se manifestou contra as propostas do partido, mas disse que as altera\u00e7\u00f5es devem ser debatidas no Congresso.<\/p>\n<p>O Solidariedade prop\u00f4s ainda a Bolsonaro regras alternativas para a Previd\u00eancia, como idade m\u00ednima de 62 anos para homens e 59 para mulheres, e uma transi\u00e7\u00e3o com ped\u00e1gio de 30% de tempo de servi\u00e7o para todos. \u201cUma transi\u00e7\u00e3o igual para todo mundo de 30%, n\u00e3o essa confus\u00e3o que o [ministro da Economia] Paulo Guedes inventou, de 10 formas de transi\u00e7\u00e3o. A gente faria 30% a mais do tempo que falta para se aposentar para todos\u201d, explicou Paulinho da For\u00e7a.<\/p>\n<p>Sobre o modelo de capitaliza\u00e7\u00e3o da Previd\u00eancia, o presidente do Solidariedade disse que \u00e9 poss\u00edvel, desde que inclua a contribui\u00e7\u00e3o patronal e abra espa\u00e7o para as entidades sindicais. \u201cNo mundo todo os sindicatos t\u00eam os principais fundos de pens\u00e3o. Ainda precisamos construir propostas alternativas que pudessem incluir as institui\u00e7\u00f5es financeiras junto com as entidades sindicais para criar grandes fundos de pens\u00e3o\u201d, defendeu.<\/p>\n<p>&nbsp;<\/p>\n<p><strong>PR<\/strong><\/p>\n<p>O presidente do PR, Alfredo Nascimento, disse que o partido tamb\u00e9m \u00e9 favor\u00e1vel \u00e0 reforma \u201ccom alguns ajustes\u201d, como na aposentadoria dos professores e trabalhadores rurais e no BPC. \u201cVamos discutir essas mudan\u00e7as na proposta dentro do partido, vamos alterar algumas coisas, mas vamos votar com o governo, porque isso [a reforma] \u00e9 bom para o pa\u00eds, nossa economia precisa disso\u201d, ressaltou.<\/p>\n<p>Alfredo Nascimento, disse que, assim como o Solidariedade, o PR \u00e9 um partido independente e n\u00e3o vai fechar quest\u00e3o em torno da reforma apresentada pelo governo. \u201cN\u00e3o queremos participar do governo, mas vamos tirar do partido a vota\u00e7\u00e3o da maioria para ajudar o pa\u00eds\u201d, disse.<\/p>\n<p>&nbsp;<\/p>\n<p><strong>Comunica\u00e7\u00e3o<\/strong><\/p>\n<p>O deputado Augusto Coutinho (PE), l\u00edder do Solidariedade na C\u00e2mara, disse que chamou a aten\u00e7\u00e3o do presidente sobre a necessidade de melhorar a comunica\u00e7\u00e3o com a sociedade da import\u00e2ncia da reforma da Previd\u00eancia para o pa\u00eds. \u201cO governo est\u00e1 perdendo a batalha da comunica\u00e7\u00e3o na quest\u00e3o da Previd\u00eancia. O que a gente sente \u00e9 que hoje j\u00e1 se mudou o clima da opini\u00e3o p\u00fablica da import\u00e2ncia da reforma, hoje j\u00e1 amenizou bastante. Hoje, a mat\u00e9ria n\u00e3o passa no Congresso, \u00e9 preciso ouvir todas as bases partid\u00e1rias para que haja consenso. Nosso sentimento \u00e9 que o Brasil precisa da reforma, mas \u00e9 preciso que o governo ajude muito\u201d, disse.<\/p>\n<p>&nbsp;<\/p>\n<p><strong>Conselho pol\u00edtico<\/strong><\/p>\n<p>Assim como Paulinho da For\u00e7a, o presidente do PR apoia a inten\u00e7\u00e3o do ministro da Casa Civil, OnyxLorenzoni, de criar um conselho pol\u00edtico com a participa\u00e7\u00e3o de presidentes e l\u00edderes de partidos. Na semana passada, ap\u00f3s se reunir com seis partidos (PRB, PSD, PSDB, DEM, PP e MDB), Onyx prop\u00f4s a cria\u00e7\u00e3o do conselho de governo para viabilizar a interlocu\u00e7\u00e3o entre o governo, os partidos e o Parlamento.<\/p>\n<p>&nbsp;<\/p>\n<p><strong>Reuni\u00f5es<\/strong><\/p>\n<p>O presidente Jair Bolsonaro ainda se re\u00fane esta semana com representantes do PSL, Novo, Avante e Podemos.<\/p>\n<p>&nbsp;<\/p>\n<p>Fonte: Ag\u00eancia Brasil<\/p>\n","protected":false},"excerpt":{"rendered":"<p>O PR e o Solidariedade anunciaram nessa ter\u00e7a-feira, 9, ao presidente Jair Bolsonaro que apoiam a reforma da Previd\u00eancia, mas querem mudan\u00e7as na proposta enviada pelo governo ao Congresso Nacional. Representantes dos dois partidos estiveram com o presidente, que retomou o di\u00e1logo com dirigentes de partidos pol\u00edticos em busca de apoio para a aprova\u00e7\u00e3o de [&hellip;]<\/p>\n","protected":false},"author":96,"featured_media":97343,"comment_status":"closed","ping_status":"closed","sticky":false,"template":"","format":"standard","meta":{"footnotes":""},"categories":[436,254,439],"tags":[],"class_list":["post-137805","post","type-post","status-publish","format-standard","has-post-thumbnail","hentry","category-destaque-da-semana","category-politica","category-ultima-hora"],"_links":{"self":[{"href":"https:\/\/diarioregionaldigital.com.br\/index.php?rest_route=\/wp\/v2\/posts\/137805","targetHints":{"allow":["GET"]}}],"collection":[{"href":"https:\/\/diarioregionaldigital.com.br\/index.php?rest_route=\/wp\/v2\/posts"}],"about":[{"href":"https:\/\/diarioregionaldigital.com.br\/index.php?rest_route=\/wp\/v2\/types\/post"}],"author":[{"embeddable":true,"href":"https:\/\/diarioregionaldigital.com.br\/index.php?rest_route=\/wp\/v2\/users\/96"}],"replies":[{"embeddable":true,"href":"https:\/\/diarioregionaldigital.com.br\/index.php?rest_route=%2Fwp%2Fv2%2Fcomments&post=137805"}],"version-history":[{"count":0,"href":"https:\/\/diarioregionaldigital.com.br\/index.php?rest_route=\/wp\/v2\/posts\/137805\/revisions"}],"wp:featuredmedia":[{"embeddable":true,"href":"https:\/\/diarioregionaldigital.com.br\/index.php?rest_route=\/wp\/v2\/media\/97343"}],"wp:attachment":[{"href":"https:\/\/diarioregionaldigital.com.br\/index.php?rest_route=%2Fwp%2Fv2%2Fmedia&parent=137805"}],"wp:term":[{"taxonomy":"category","embeddable":true,"href":"https:\/\/diarioregionaldigital.com.br\/index.php?rest_route=%2Fwp%2Fv2%2Fcategories&post=137805"},{"taxonomy":"post_tag","embeddable":true,"href":"https:\/\/diarioregionaldigital.com.br\/index.php?rest_route=%2Fwp%2Fv2%2Ftags&post=137805"}],"curies":[{"name":"wp","href":"https:\/\/api.w.org\/{rel}","templated":true}]}}