{"id":137804,"date":"2019-04-09T18:38:15","date_gmt":"2019-04-09T21:38:15","guid":{"rendered":"https:\/\/diarioregionaldigital.com.br\/?p=137804"},"modified":"2019-04-09T18:39:15","modified_gmt":"2019-04-09T21:39:15","slug":"bolsonaro-defende-aumento-de-recursos-para-o-fpm","status":"publish","type":"post","link":"https:\/\/diarioregionaldigital.com.br\/?p=137804","title":{"rendered":"Bolsonaro defende aumento de recursos para o FPM"},"content":{"rendered":"<p>O presidente Jair Bolsonaro defendeu nessa ter\u00e7a-feira, 9, a constru\u00e7\u00e3o de um novo pacto federativo e o aumento dos recursos para o Fundo de Participa\u00e7\u00e3o dos Munic\u00edpios (FPM). \u201cN\u00f3s temos pouco, mas queremos dividir o pouco que temos com voc\u00eas\u201d, disse a prefeitos, vereadores e gestores municipais na abertura da 22\u00aa Marcha a Bras\u00edlia em Defesa dos Munic\u00edpios.<\/p>\n<p>O evento \u00e9 organizado pela Confedera\u00e7\u00e3o Nacional dos Munic\u00edpios (CNM) e, de 8 a 11 de abril, re\u00fane cerca de 8 mil municipalistas na capital federal em busca do fortalecimento dos governos locais.<\/p>\n<p>Ao pedir apoio para a reforma da Previd\u00eancia, Bolsonaro falou sobre suas recentes viagens internacionais e a import\u00e2ncia de sinalizar aos mercados que o pa\u00eds pode equilibrar suas contas e diversificar sua economia.<\/p>\n<p>A proposta do pacto federativo, que desvincula, desindexa e retira diversas obriga\u00e7\u00f5es do or\u00e7amento, foi sugerida pelo ministro da Economia, Paulo Guedes, entre outras medidas, para impulsionar a recupera\u00e7\u00e3o da economia e garantir mais recursos para os estados e munic\u00edpios.<\/p>\n<p>&nbsp;<\/p>\n<p><strong>Reforma da Previd\u00eancia<\/strong><\/p>\n<p>Ao lado do presidente Jair Bolsonaro, o presidente da C\u00e2mara, Rodrigo Maia, foi enf\u00e1tico ao defender a reforma da Previd\u00eancia para que o governo federal abra mais espa\u00e7o no or\u00e7amento e direcione mais recursos para os entes federativos. De acordo Maia, as despesas previdenci\u00e1rias crescem R$ 50 bilh\u00f5es a cada ano.<\/p>\n<p>\u201cN\u00f3s precisamos enfrentar o debate das despesas, o problema \u00e9 a estrutura cara do governo federal, do Congresso Nacional e do Judici\u00e1rio. Temos que compreender que, nos \u00faltimos 30 anos, o Congresso Nacional atendeu muitas corpora\u00e7\u00f5es p\u00fablicas e privadas que capturaram o or\u00e7amento da Uni\u00e3o e hoje o governo federal tem poucos recursos para realizar os pr\u00f3prios investimentos. De cada R$ 100, R$ 94 s\u00e3o despesas obrigat\u00f3rias\u201d, disse Maia.<\/p>\n<p>O presidente da C\u00e2mara explicou aos prefeitos que est\u00e1 dialogando com o ministro da Economia, Paulo Guedes, para dar andamento nas pautas municipalistas ap\u00f3s a discuss\u00e3o da reforma da Previd\u00eancia, como o aumento dos repasses federais ao FPM, compensa\u00e7\u00e3o da Lei Kandir e cess\u00e3o onerosa de recursos do pr\u00e9-sal.<\/p>\n<p>\u201cPedir apoio \u00e0 reforma da Previd\u00eancia n\u00e3o \u00e9 para o governo federal, \u00e9 para que possamos mudar a curva de recess\u00e3o que o pa\u00eds vive nos \u00faltimos anos. A gente s\u00f3 vai poder inverter essa pir\u00e2mide quando as despesas federais pararem de crescer como elas crescem\u201d, disse.<\/p>\n<p>Em nome dos prefeitos, o presidente da CNM, GlademirAroldi, tamb\u00e9m defendeu a reforma, mas sem as mudan\u00e7as na aposentadoria rural e no Benef\u00edcio de Presta\u00e7\u00e3o Continuada (BPC). De acordo com ele, a economia de muitos munic\u00edpios, principalmente os menores, tamb\u00e9m depende das aposentadorias dos trabalhadores rurais.<\/p>\n<p>&nbsp;<\/p>\n<p>Fonte: Ag\u00eancia Brasil<\/p>\n","protected":false},"excerpt":{"rendered":"<p>O presidente Jair Bolsonaro defendeu nessa ter\u00e7a-feira, 9, a constru\u00e7\u00e3o de um novo pacto federativo e o aumento dos recursos para o Fundo de Participa\u00e7\u00e3o dos Munic\u00edpios (FPM). \u201cN\u00f3s temos pouco, mas queremos dividir o pouco que temos com voc\u00eas\u201d, disse a prefeitos, vereadores e gestores municipais na abertura da 22\u00aa Marcha a Bras\u00edlia em [&hellip;]<\/p>\n","protected":false},"author":96,"featured_media":137806,"comment_status":"closed","ping_status":"closed","sticky":false,"template":"","format":"standard","meta":{"footnotes":""},"categories":[436,254,439],"tags":[],"class_list":["post-137804","post","type-post","status-publish","format-standard","has-post-thumbnail","hentry","category-destaque-da-semana","category-politica","category-ultima-hora"],"_links":{"self":[{"href":"https:\/\/diarioregionaldigital.com.br\/index.php?rest_route=\/wp\/v2\/posts\/137804","targetHints":{"allow":["GET"]}}],"collection":[{"href":"https:\/\/diarioregionaldigital.com.br\/index.php?rest_route=\/wp\/v2\/posts"}],"about":[{"href":"https:\/\/diarioregionaldigital.com.br\/index.php?rest_route=\/wp\/v2\/types\/post"}],"author":[{"embeddable":true,"href":"https:\/\/diarioregionaldigital.com.br\/index.php?rest_route=\/wp\/v2\/users\/96"}],"replies":[{"embeddable":true,"href":"https:\/\/diarioregionaldigital.com.br\/index.php?rest_route=%2Fwp%2Fv2%2Fcomments&post=137804"}],"version-history":[{"count":0,"href":"https:\/\/diarioregionaldigital.com.br\/index.php?rest_route=\/wp\/v2\/posts\/137804\/revisions"}],"wp:featuredmedia":[{"embeddable":true,"href":"https:\/\/diarioregionaldigital.com.br\/index.php?rest_route=\/wp\/v2\/media\/137806"}],"wp:attachment":[{"href":"https:\/\/diarioregionaldigital.com.br\/index.php?rest_route=%2Fwp%2Fv2%2Fmedia&parent=137804"}],"wp:term":[{"taxonomy":"category","embeddable":true,"href":"https:\/\/diarioregionaldigital.com.br\/index.php?rest_route=%2Fwp%2Fv2%2Fcategories&post=137804"},{"taxonomy":"post_tag","embeddable":true,"href":"https:\/\/diarioregionaldigital.com.br\/index.php?rest_route=%2Fwp%2Fv2%2Ftags&post=137804"}],"curies":[{"name":"wp","href":"https:\/\/api.w.org\/{rel}","templated":true}]}}