{"id":137799,"date":"2019-04-09T17:43:04","date_gmt":"2019-04-09T20:43:04","guid":{"rendered":"https:\/\/diarioregionaldigital.com.br\/?p=137799"},"modified":"2019-04-09T17:43:04","modified_gmt":"2019-04-09T20:43:04","slug":"procon-movel-atende-moradores-do-bairro-santa-helena","status":"publish","type":"post","link":"https:\/\/diarioregionaldigital.com.br\/?p=137799","title":{"rendered":"Procon M\u00f3vel atende moradores do bairro Santa Helena"},"content":{"rendered":"<p>A Ag\u00eancia de Prote\u00e7\u00e3o e Defesa do Consumidor (Procon\/JF) da Prefeitura de Juiz de Fora (PJF) estar\u00e1 nesta quarta-feira, 10, distribuindo material informativo aos moradores do Bairro Santa Helena e regi\u00e3o, na Pra\u00e7a Menelick de Carvalho. A campanha educativa faz parte de mais uma a\u00e7\u00e3o do Procon M\u00f3vel, para os moradores da cidade.<\/p>\n<p>O trabalho tem como objetivo informar e conscientizar as comunidades sobre seus direitos, garantidos no C\u00f3digo de Defesa do Consumidor (CDC). As a\u00e7\u00f5es realizadas pela unidade auxiliam na solu\u00e7\u00e3o dos problemas relacionados \u00e0 compra de produtos e aquisi\u00e7\u00e3o de servi\u00e7os em geral.<\/p>\n<p>Informa\u00e7\u00f5es e orienta\u00e7\u00f5es sobre os direitos do consumidor podem ser solicitadas pelos telefones 3690-7610 e 3690-7611, ou na sede da ag\u00eancia, na Avenida Presidente Itamar Franco, 992, Centro, de segunda a sexta-feira, das 8h30 \u00e0s 17h30.<\/p>\n<p>Fonte: PJF<\/p>\n","protected":false},"excerpt":{"rendered":"<p>A Ag\u00eancia de Prote\u00e7\u00e3o e Defesa do Consumidor (Procon\/JF) da Prefeitura de Juiz de Fora (PJF) estar\u00e1 nesta quarta-feira, 10, distribuindo material informativo aos moradores do Bairro Santa Helena e regi\u00e3o, na Pra\u00e7a Menelick de Carvalho. A campanha educativa faz parte de mais uma a\u00e7\u00e3o do Procon M\u00f3vel, para os moradores da cidade. O trabalho [&hellip;]<\/p>\n","protected":false},"author":96,"featured_media":137800,"comment_status":"closed","ping_status":"closed","sticky":false,"template":"","format":"standard","meta":{"footnotes":""},"categories":[253,436,439],"tags":[],"class_list":["post-137799","post","type-post","status-publish","format-standard","has-post-thumbnail","hentry","category-cidade","category-destaque-da-semana","category-ultima-hora"],"_links":{"self":[{"href":"https:\/\/diarioregionaldigital.com.br\/index.php?rest_route=\/wp\/v2\/posts\/137799","targetHints":{"allow":["GET"]}}],"collection":[{"href":"https:\/\/diarioregionaldigital.com.br\/index.php?rest_route=\/wp\/v2\/posts"}],"about":[{"href":"https:\/\/diarioregionaldigital.com.br\/index.php?rest_route=\/wp\/v2\/types\/post"}],"author":[{"embeddable":true,"href":"https:\/\/diarioregionaldigital.com.br\/index.php?rest_route=\/wp\/v2\/users\/96"}],"replies":[{"embeddable":true,"href":"https:\/\/diarioregionaldigital.com.br\/index.php?rest_route=%2Fwp%2Fv2%2Fcomments&post=137799"}],"version-history":[{"count":0,"href":"https:\/\/diarioregionaldigital.com.br\/index.php?rest_route=\/wp\/v2\/posts\/137799\/revisions"}],"wp:featuredmedia":[{"embeddable":true,"href":"https:\/\/diarioregionaldigital.com.br\/index.php?rest_route=\/wp\/v2\/media\/137800"}],"wp:attachment":[{"href":"https:\/\/diarioregionaldigital.com.br\/index.php?rest_route=%2Fwp%2Fv2%2Fmedia&parent=137799"}],"wp:term":[{"taxonomy":"category","embeddable":true,"href":"https:\/\/diarioregionaldigital.com.br\/index.php?rest_route=%2Fwp%2Fv2%2Fcategories&post=137799"},{"taxonomy":"post_tag","embeddable":true,"href":"https:\/\/diarioregionaldigital.com.br\/index.php?rest_route=%2Fwp%2Fv2%2Ftags&post=137799"}],"curies":[{"name":"wp","href":"https:\/\/api.w.org\/{rel}","templated":true}]}}