{"id":137798,"date":"2019-04-09T18:08:20","date_gmt":"2019-04-09T21:08:20","guid":{"rendered":"https:\/\/diarioregionaldigital.com.br\/?p=137798"},"modified":"2019-04-16T15:53:03","modified_gmt":"2019-04-16T18:53:03","slug":"prevalece-a-decisao-de-retirada-da-delegada-ione-barbosa-do-comando-da-delegacia-de-mulher","status":"publish","type":"post","link":"https:\/\/diarioregionaldigital.com.br\/?p=137798","title":{"rendered":"Prevalece a decis\u00e3o de retirada da delegada Ione Barbosa do comando da Delegacia de Mulher"},"content":{"rendered":"<p>Foi realizada na tarde dessa segunda-feira, 8, na 1\u00aa Delegacia Regional Civil de Juiz de Fora (1\u00aa DRCP), uma reuni\u00e3o com o delegado regional titular, Dr. Armando Avolio Neto, e seu delegado adjunto, Dr. S\u00e9rgio Luiz Lamas Moreira, junto com uma comiss\u00e3o formada por mulheres representantes do movimento #SomosTodosIoneBarbosa.<\/p>\n<p>O grupo pede explica\u00e7\u00f5es ao delegado regionalsobre a retirada da delegada de pol\u00edcia Ione Barbosa, da Delegacia Especializada de Atendimento \u00e0 Mulher (DEAM). Ela foi transferida, no \u00faltimo dia 29, para a 4\u00aa Delegacia de Policia Civil de Juiz de Fora, que \u00e9 respons\u00e1vel por crimes da zona Nordeste da cidade.<\/p>\n<p>Segundo representantes do OAB Mulher, odelegado regional disse em reuni\u00e3o que o a transfer\u00eancia da Dr\u00aa Ione se deu em raz\u00e3o de um requerimento formulado pela delegada Dr\u00aa Carolina Gon\u00e7alves Magalh\u00e3es que pleiteou a ida para a DEAM.<\/p>\n<p>Ainda com informa\u00e7\u00f5es do OAB Mulher, na reuni\u00e3o o grupo questionou ao Dr. Armando sobre o of\u00edcio realizado em conjunto a Dr\u00aa \u00c2ngela e a Dr\u00aa Ione, onde Dr\u00aa \u00c2ngela se oferece para ocupar a 4\u00aa Delegacia, no lugar da Dr\u00aa Ione e receberam a resposta que o mesmo se encontra em an\u00e1lise.<\/p>\n<p>Em nota, a Pol\u00edcia Civil informou que a movimenta\u00e7\u00e3o das autoridades policiais \u00e9 uma pr\u00e1tica normal e que as transfer\u00eancias das delegadas n\u00e3o trar\u00e3o preju\u00edzos.<\/p>\n<p>\u201cA movimenta\u00e7\u00e3o das autoridades policiais \u00e9 uma pr\u00e1tica normal, por interesse da administra\u00e7\u00e3o. Conforme informa\u00e7\u00f5es do delegado regional de Juiz de Fora,Dr Armando Avolio Neto, nesse caso espec\u00edfico, a delegada Carolina Gon\u00e7alves, que j\u00e1 atuou na delegacia especializada de atendimento \u00e0 mulher (DEAM),ap\u00f3s requerimento e permuta, retornar\u00e1 \u00e0 especializada. J\u00e1 a delegada Ione Maria Moreira Dias Barbosa vai atuar na 4\u00aa delegacia, em continua\u00e7\u00e3o com osservi\u00e7os em prol da sociedade.A Pol\u00edcia Civil refor\u00e7a que essa altera\u00e7\u00e3o n\u00e3o prejudicar\u00e1 a prote\u00e7\u00e3o ao direito das mulheres em Juiz de Fora, pois a especializada conta agora com o retorno da delegada Carolina, com a atua\u00e7\u00e3o da delegada \u00c2ngela \u00e0 frente dos trabalhos e com uma equipe de policiais civis que continua preparada e empenhada em investiga\u00e7\u00f5es envolvendo a viol\u00eancia contra a mulher. O delegado regional destacou que vai haver novidades, em breve, com rela\u00e7\u00e3o \u00e0 prote\u00e7\u00e3o \u00e0 fam\u00edlia na cidade.\u201d<\/p>\n","protected":false},"excerpt":{"rendered":"<p>Foi realizada na tarde dessa segunda-feira, 8, na 1\u00aa Delegacia Regional Civil de Juiz de Fora (1\u00aa DRCP), uma reuni\u00e3o com o delegado regional titular, Dr. Armando Avolio Neto, e seu delegado adjunto, Dr. S\u00e9rgio Luiz Lamas Moreira, junto com uma comiss\u00e3o formada por mulheres representantes do movimento #SomosTodosIoneBarbosa. O grupo pede explica\u00e7\u00f5es ao delegado [&hellip;]<\/p>\n","protected":false},"author":96,"featured_media":137802,"comment_status":"closed","ping_status":"closed","sticky":false,"template":"","format":"standard","meta":{"footnotes":""},"categories":[253,436,440,439],"tags":[],"class_list":["post-137798","post","type-post","status-publish","format-standard","has-post-thumbnail","hentry","category-cidade","category-destaque-da-semana","category-destaques-do-dia","category-ultima-hora"],"_links":{"self":[{"href":"https:\/\/diarioregionaldigital.com.br\/index.php?rest_route=\/wp\/v2\/posts\/137798","targetHints":{"allow":["GET"]}}],"collection":[{"href":"https:\/\/diarioregionaldigital.com.br\/index.php?rest_route=\/wp\/v2\/posts"}],"about":[{"href":"https:\/\/diarioregionaldigital.com.br\/index.php?rest_route=\/wp\/v2\/types\/post"}],"author":[{"embeddable":true,"href":"https:\/\/diarioregionaldigital.com.br\/index.php?rest_route=\/wp\/v2\/users\/96"}],"replies":[{"embeddable":true,"href":"https:\/\/diarioregionaldigital.com.br\/index.php?rest_route=%2Fwp%2Fv2%2Fcomments&post=137798"}],"version-history":[{"count":0,"href":"https:\/\/diarioregionaldigital.com.br\/index.php?rest_route=\/wp\/v2\/posts\/137798\/revisions"}],"wp:featuredmedia":[{"embeddable":true,"href":"https:\/\/diarioregionaldigital.com.br\/index.php?rest_route=\/wp\/v2\/media\/137802"}],"wp:attachment":[{"href":"https:\/\/diarioregionaldigital.com.br\/index.php?rest_route=%2Fwp%2Fv2%2Fmedia&parent=137798"}],"wp:term":[{"taxonomy":"category","embeddable":true,"href":"https:\/\/diarioregionaldigital.com.br\/index.php?rest_route=%2Fwp%2Fv2%2Fcategories&post=137798"},{"taxonomy":"post_tag","embeddable":true,"href":"https:\/\/diarioregionaldigital.com.br\/index.php?rest_route=%2Fwp%2Fv2%2Ftags&post=137798"}],"curies":[{"name":"wp","href":"https:\/\/api.w.org\/{rel}","templated":true}]}}